{"id":135127,"date":"2011-02-02T12:29:11","date_gmt":"2011-02-02T11:29:11","guid":{"rendered":"http:\/\/www.ivg.it\/?p=135127"},"modified":"2011-02-02T16:29:49","modified_gmt":"2011-02-02T15:29:49","slug":"albenga-accorpamento-medie-i-genitori-dubbi-sugli-standard-di-sicurezza","status":"publish","type":"post","link":"https:\/\/staging.ivg.it\/2011\/02\/albenga-accorpamento-medie-i-genitori-dubbi-sugli-standard-di-sicurezza\/","title":{"rendered":"Albenga, accorpamento Medie. I genitori: \u201cDubbi sugli standard di sicurezza\u201d"},"content":{"rendered":"<p><strong>Albenga<\/strong>. Da poco pi\u00f9 di 200 alunni a quota 570, con tutti i problemi connessi ad un aumento cos\u00ec importante di studenti accorpati in un unico plesso scolastico: dal rischio di classi sovrappopolate alla necessit\u00e0 di adeguare l&#8217;edificio agli standard di sicurezza. Tutti dubbi, questi, che hanno portato i genitori dei ragazzi delle scuole medie Dante Alighieri &#8211; interessati dallo spostamento all&#8217;istituto Mameli di via Degli Orti &#8211; a chiedere chiarimenti a Preside e amministrazione comunale, artefice del progetto.<\/p>\n<p>&#8220;Ieri si \u00e8 svolto un incontro con i tecnici del Comune che hanno pensato a questa soluzione e con il preside Tommaso Berruti i quali, di fronte alle nostre domande, ci hanno fornito garanzie che dovrebbero ribadire pubblicamente anche questa sera nell&#8217;incontro previsto al cinema Ambra &#8211; dice Federica Lantero del Comitato Genitori &#8211; La nostra prima paura era quella del rischio dello smantellamento delle classi: ci \u00e8 stato assicurato, per\u00f2, che questo non \u00e8 possibile, anche perch\u00e8 la legge lo vieta. Poi, c&#8217;\u00e8 il problema-sicurezza: il raddoppio del numero degli alunni nello stesso edificio comporta la necessit\u00e0 di adeguare gli standard di sicurezza: alle Dante Alighieri, ad esempio, abbiamo 4 uscite diverse, alle Mameli, invece, una sola. Di qui le rassicurazioni relative alla creazione di nuovi ingressi\/uscite. Abbiamo per\u00f2 dei dubbi non tanto per le aule, che sembrerebbero a norma, quanto per gli spazi comuni che non sarebbero sicuri, al punto che sarebbe stata ventilata l&#8217;ipotesi di intervalli frazionati: il che non sarebbe certo una soluzione ottimale&#8221;.<\/p>\n<p>&#8220;Questo accorpamento, ci hanno spiegato, \u00e8 dovuto ai tagli: ci sono &#8216;tot&#8217; insegnanti e &#8216;tot&#8217; personale, mentre gli alunni, ad oggi, sono sparsi tra Albenga, Ceriale, Ortovero e Leca D&#8217;Albenga: di qui la necessit\u00e0 di riunirli in un&#8217;unica struttura &#8211; spiega Lantero &#8211; Ora come ora siamo dispiaciuti di dover lasciare il plesso delle Paccini, ma se le motivazioni sono valide non ne faremo certo una questione di principio. Bisognerebbe per\u00f2 pensare anche ai problemi che questo trasferimento comporterebbe al traffico. Le auto che ora si fermano alle Paccini dovranno entrare in Albenga per raggiungere via Degli Orti con conseguente &#8216;congestionamento&#8217;. Questa sera chiederemo risposte anche su questo punto&#8221;.<\/p>\n<p>All&#8217;incontro all&#8217;Ambra parteciper\u00e0 anche il sindaco ingauno, Rosy Guarnieri.<\/p>\n","protected":false},"excerpt":{"rendered":"<p>Albenga. Da poco pi\u00f9 di 200 alunni a quota 570, con tutti i problemi connessi ad un aumento cos\u00ec importante di studenti accorpati in un unico plesso scolastico: dal rischio di classi sovrappopolate alla necessit\u00e0 di adeguare l&#8217;edificio agli standard di sicurezza. Tutti dubbi, questi, che hanno portato i genitori dei ragazzi delle scuole medie [&hellip;]<\/p>\n","protected":false},"author":13744,"featured_media":0,"comment_status":"open","ping_status":"closed","sticky":false,"template":"","format":"standard","meta":{"footnotes":""},"categories":[34],"tags":[1022,85841,3757,22897,7591,654],"class_list":["post-135127","post","type-post","status-publish","format-standard","hentry","category-cronaca","tag-accorpamento","tag-albenga","tag-alunni","tag-federica-lantero","tag-scuole-medie","tag-studenti","post_cat_citta-albenga"],"amp_validity":null,"amp_enabled":true,"_links":{"self":[{"href":"https:\/\/staging.ivg.it\/ediapi\/wp\/v2\/posts\/135127","targetHints":{"allow":["GET"]}}],"collection":[{"href":"https:\/\/staging.ivg.it\/ediapi\/wp\/v2\/posts"}],"about":[{"href":"https:\/\/staging.ivg.it\/ediapi\/wp\/v2\/types\/post"}],"author":[{"embeddable":true,"href":"https:\/\/staging.ivg.it\/ediapi\/wp\/v2\/users\/13744"}],"replies":[{"embeddable":true,"href":"https:\/\/staging.ivg.it\/ediapi\/wp\/v2\/comments?post=135127"}],"version-history":[{"count":0,"href":"https:\/\/staging.ivg.it\/ediapi\/wp\/v2\/posts\/135127\/revisions"}],"wp:attachment":[{"href":"https:\/\/staging.ivg.it\/ediapi\/wp\/v2\/media?parent=135127"}],"wp:term":[{"taxonomy":"category","embeddable":true,"href":"https:\/\/staging.ivg.it\/ediapi\/wp\/v2\/categories?post=135127"},{"taxonomy":"post_tag","embeddable":true,"href":"https:\/\/staging.ivg.it\/ediapi\/wp\/v2\/tags?post=135127"}],"curies":[{"name":"wp","href":"https:\/\/api.w.org\/{rel}","templated":true}]}}