{"id":134670,"date":"2011-01-31T16:51:30","date_gmt":"2011-01-31T15:51:30","guid":{"rendered":"http:\/\/www.ivg.it\/?p=134670"},"modified":"2011-02-01T10:33:02","modified_gmt":"2011-02-01T09:33:02","slug":"frana-di-murialdo-sopralluogo-di-burlando-bypass-transitabile-ai-primi-di-marzo","status":"publish","type":"post","link":"https:\/\/staging.ivg.it\/2011\/01\/frana-di-murialdo-sopralluogo-di-burlando-bypass-transitabile-ai-primi-di-marzo\/","title":{"rendered":"Frana di Murialdo, sopralluogo di Burlando: \u201cBypass transitabile ai primi di marzo\u201d"},"content":{"rendered":"<p><strong>Murialdo<\/strong>. &#8220;Siamo confidenti e, osservando la situazione sul posto, contiamo di risolvere i disagi di mobilit\u00e0 della popolazione di quest&#8217;area valbormidese&#8221;. Questo il commento del governatore regionale Claudio Burlando, al termine del tour savonese con cui ha toccato anche Murialdo. Il presidente e l&#8217;assessore regionale Raffaella Paita hanno appena concluso il previsto sopralluogo in frazione Isolagrande, dove la frana sulla Provinciale 51 ha paralizzato la viabilit\u00e0 da fine dicembre. <\/p>\n<p>&#8220;La frana \u00e8 consistente e negli ultimi giorni ha registrato anche peggioramenti &#8211; aggiunge Burlando &#8211; Se si mantengono condizioni meteorologiche favorevoli, i cantieri non subiranno rallentamenti. Il bypass viario che traccia un percorso nella campagna, pur essendo stretto, consentir\u00e0 il transito dei mezzi. E&#8217; evidente che bisognava dare una risposta rapida ai pendolari, agli operatori economici e ai tanti studenti costretti a fare un &#8216;giro dell&#8217;oca&#8217; per raggiungere le proprie destinazioni&#8221;. <\/p>\n<p>I lavori di costruzione del bypass in localit\u00e0 Brigneta, che consentir\u00e0 il transito a mezzi leggeri e pesanti, dovrebbero concludersi fra poco pi\u00f9 di un mese, con la posa del ponte modulare di tipo &#8220;Bailey&#8221; da parte del Genio dell&#8217;Esercito. &#8220;Ai primi di marzo la strada alternativa dovrebbe essere pronta&#8221; conferma Claudio Burlando, che sottolinea: &#8220;Per il ripristino ed il riutilizzo della S.P. 51, per\u00f2, ricordiamo che ci vorranno tempi lunghi&#8221;. <\/p>\n","protected":false},"excerpt":{"rendered":"<p>Murialdo. &#8220;Siamo confidenti e, osservando la situazione sul posto, contiamo di risolvere i disagi di mobilit\u00e0 della popolazione di quest&#8217;area valbormidese&#8221;. Questo il commento del governatore regionale Claudio Burlando, al termine del tour savonese con cui ha toccato anche Murialdo. Il presidente e l&#8217;assessore regionale Raffaella Paita hanno appena concluso il previsto sopralluogo in frazione [&hellip;]<\/p>\n","protected":false},"author":13744,"featured_media":0,"comment_status":"open","ping_status":"closed","sticky":false,"template":"","format":"standard","meta":{"footnotes":""},"categories":[],"tags":[284,2838,85921,295,820],"class_list":["post-134670","post","type-post","status-publish","format-standard","hentry","tag-claudio-burlando","tag-frana","tag-murialdo","tag-regione","tag-valbormida","post_cat_citta-millesimo","post_cat_citta-murialdo"],"amp_validity":null,"amp_enabled":true,"_links":{"self":[{"href":"https:\/\/staging.ivg.it\/ediapi\/wp\/v2\/posts\/134670","targetHints":{"allow":["GET"]}}],"collection":[{"href":"https:\/\/staging.ivg.it\/ediapi\/wp\/v2\/posts"}],"about":[{"href":"https:\/\/staging.ivg.it\/ediapi\/wp\/v2\/types\/post"}],"author":[{"embeddable":true,"href":"https:\/\/staging.ivg.it\/ediapi\/wp\/v2\/users\/13744"}],"replies":[{"embeddable":true,"href":"https:\/\/staging.ivg.it\/ediapi\/wp\/v2\/comments?post=134670"}],"version-history":[{"count":0,"href":"https:\/\/staging.ivg.it\/ediapi\/wp\/v2\/posts\/134670\/revisions"}],"wp:attachment":[{"href":"https:\/\/staging.ivg.it\/ediapi\/wp\/v2\/media?parent=134670"}],"wp:term":[{"taxonomy":"category","embeddable":true,"href":"https:\/\/staging.ivg.it\/ediapi\/wp\/v2\/categories?post=134670"},{"taxonomy":"post_tag","embeddable":true,"href":"https:\/\/staging.ivg.it\/ediapi\/wp\/v2\/tags?post=134670"}],"curies":[{"name":"wp","href":"https:\/\/api.w.org\/{rel}","templated":true}]}}