{"id":134472,"date":"2011-01-31T07:47:26","date_gmt":"2011-01-31T06:47:26","guid":{"rendered":"http:\/\/www.ivg.it\/?p=134472"},"modified":"2011-01-31T12:37:03","modified_gmt":"2011-01-31T11:37:03","slug":"delegazione-radicale-visita-il-carcere-di-savona-una-conigliera-senza-luce","status":"publish","type":"post","link":"https:\/\/staging.ivg.it\/2011\/01\/delegazione-radicale-visita-il-carcere-di-savona-una-conigliera-senza-luce\/","title":{"rendered":"Delegazione radicale visita il carcere di Savona: \u201cUna conigliera senza luce\u201d"},"content":{"rendered":"<p><strong>Savona<\/strong>. &#8220;A Savona i carcerati sgomitano compressi in una struttura che riporta al Medioevo, vivono le loro giornate senza luce, sotto i neon&#8221;. Questa la prima impressione di Gian Piero Buscaglia del Comitato Nazionale Radicali Italiani, reduce da una visita al Sant&#8217;Agostino insieme con Rita Bernardini, deputata e componente della Commissione Giustizia.<\/p>\n<p>Dopo il sopralluogo dello scorso ferragosto, la delegazione radicale \u00e8 tornata a visitare gli spazi dell&#8217;istituto penitenziario savonese. Ambienti angusti, celle malandate, stanze comuni spesso molto umide ricavate nell&#8217;antico edificio convenutale in parte interrato. &#8220;La comunit\u00e0 carceraria si arrangia e si adatta di fronte ai difetti strutturali clamorosi di questo carcere &#8211; commenta Buscaglia &#8211; Lo spreco economico per le continue ristrutturazioni di cui necessita \u00e8 ingiustificato, bisognerebbe costruire subito quello nuovo&#8221;.<\/p>\n<p>&#8220;Il sovraffollamento tipico delle case circondariali &#8211; prosegue Buscaglia &#8211; si ripete anche a Savona, con qualcosa di peggio: la struttura \u00e8 fatiscente, con le finestre dell&#8217;antico convento murate o cementate. I detenuti non ricevono un raggio di sole, passando le loro giornate sotto le luci al neon. Topi, bagni alla turca, celle malsane con letti a castello di due o tre livelli&#8230; Praticamente \u00e8 una conigliera&#8221;.<\/p>\n<p>Durante la mattinata i radicali della delegazione hanno visitato il carcere di Sanremo, mentre nel pomeriggio, sino a sera, sono rimasti nella citt\u00e0 della torretta. &#8220;Tra i due quello di Savona \u00e8 almeno, sotto un certo punto di vista, pi\u00f9 umano &#8211; dice Gian Piero Buscaglia &#8211; Il penitenziario di Sanremo per le sue dimensioni risulta pi\u00f9 alienante. Il fatto evidente \u00e8 che entrambi non hanno un regolamento interno, anche perch\u00e9 se dovessero stilarlo evidenzierebbe tutti gli aspetti non a norma delle strutture&#8221;.<\/p>\n<p>Il sovraffollamento del Sant&#8217;Agostino \u00e8 in linea con l&#8217;allarmante media nazionale (l&#8217;eccesso di presenze \u00e8 del 53,3% rispetto alla capienza prevista). &#8220;Al Sant&#8217;Agostino di Savona ci sono quasi 80 detenuti a fronte dei 40 previsti dalla capienza &#8211; osserva la deputata Rita Bernardini &#8211; Il sindaco della citt\u00e0 non \u00e8 nemmeno autorizzato a visitarlo, in quanto appunto non \u00e8 tra le autorit\u00e0 ammesse per effettuare sopralluoghi nella casa circondariale, alla quale possono accedere solo parlamentari italiani, parlamentari europei e consiglieri regionali. Bisogna intervenire su questa limitazione perch\u00e9 \u00e8 incredibile che l&#8217;amministratore di una citt\u00e0 non possa valutare di persona le condizioni dell&#8217;istituto penitenziario&#8221;.<\/p>\n","protected":false},"excerpt":{"rendered":"<p>Savona. &#8220;A Savona i carcerati sgomitano compressi in una struttura che riporta al Medioevo, vivono le loro giornate senza luce, sotto i neon&#8221;. Questa la prima impressione di Gian Piero Buscaglia del Comitato Nazionale Radicali Italiani, reduce da una visita al Sant&#8217;Agostino insieme con Rita Bernardini, deputata e componente della Commissione Giustizia. Dopo il sopralluogo [&hellip;]<\/p>\n","protected":false},"author":13744,"featured_media":0,"comment_status":"open","ping_status":"closed","sticky":false,"template":"","format":"standard","meta":{"footnotes":""},"categories":[34,31],"tags":[2394,2662,85850],"class_list":["post-134472","post","type-post","status-publish","format-standard","hentry","category-cronaca","category-politica","tag-carcere","tag-santagostino","tag-savona","post_cat_citta-savona"],"amp_validity":null,"amp_enabled":true,"_links":{"self":[{"href":"https:\/\/staging.ivg.it\/ediapi\/wp\/v2\/posts\/134472","targetHints":{"allow":["GET"]}}],"collection":[{"href":"https:\/\/staging.ivg.it\/ediapi\/wp\/v2\/posts"}],"about":[{"href":"https:\/\/staging.ivg.it\/ediapi\/wp\/v2\/types\/post"}],"author":[{"embeddable":true,"href":"https:\/\/staging.ivg.it\/ediapi\/wp\/v2\/users\/13744"}],"replies":[{"embeddable":true,"href":"https:\/\/staging.ivg.it\/ediapi\/wp\/v2\/comments?post=134472"}],"version-history":[{"count":0,"href":"https:\/\/staging.ivg.it\/ediapi\/wp\/v2\/posts\/134472\/revisions"}],"wp:attachment":[{"href":"https:\/\/staging.ivg.it\/ediapi\/wp\/v2\/media?parent=134472"}],"wp:term":[{"taxonomy":"category","embeddable":true,"href":"https:\/\/staging.ivg.it\/ediapi\/wp\/v2\/categories?post=134472"},{"taxonomy":"post_tag","embeddable":true,"href":"https:\/\/staging.ivg.it\/ediapi\/wp\/v2\/tags?post=134472"}],"curies":[{"name":"wp","href":"https:\/\/api.w.org\/{rel}","templated":true}]}}