{"id":134380,"date":"2011-01-30T17:15:18","date_gmt":"2011-01-30T16:15:18","guid":{"rendered":"http:\/\/www.ivg.it\/?p=134380"},"modified":"2011-01-31T11:29:38","modified_gmt":"2011-01-31T10:29:38","slug":"nuova-scuola-di-canto-a-savona-con-danila-satragno-guarira-gli-stonati-per-caso","status":"publish","type":"post","link":"https:\/\/staging.ivg.it\/2011\/01\/nuova-scuola-di-canto-a-savona-con-danila-satragno-guarira-gli-stonati-per-caso\/","title":{"rendered":"Nuova scuola di canto a Savona con Danila Satragno: guarir\u00e0 gli \u201cstonati per caso\u201d"},"content":{"rendered":"<p><strong>Savona<\/strong>. A Savona apre una nuova scuola di canto moderno dedicata ai giovani talenti: la &#8220;On stage music school&#8221; di Danila Satragno. L&#8217;inaugurazione del centro \u00e8 in programma per domenica 6 febbraio, in via Belloro. Importante jazz singer, la cairese Satragno ne ha macinata di strada musicale: da corista del compianto De Andr\u00e8 a collaboratrice dei big della canzone. Ma soprattutto &#8220;vocal coach&#8221; nonch\u00e9 ideatrice del particolare metodo &#8220;Vocal Care&#8221;, ora riassunto nel manuale &#8220;Voglio cantare&#8221; edito da Sperling &amp; Kupfer.<\/p>\n<p>Punta di diamante della sua scuderia di giovani promesse \u00e8 oggi Annalisa Scarrone, la ragazza carcarese in gara ad &#8220;Amici&#8221;, il talent show di Maria De Filippi. La scuola di Savona diventer\u00e0 anche una base per il fan club degli &#8220;scarroncini&#8221;, sempre pi\u00f9 numerosi in tutta la provincia e non solo in Valbormida.<\/p>\n<p>&#8220;Nali ha una vocalit\u00e0 versatile, multicolore, filtrata dalla sua personalit\u00e0 &#8211; sottolinea la maestra Satragno &#8211; &#8216;Amici&#8217; era un obiettivo da tempo e ci siamo riusciti. Ha ormai stabilizzato uno stile personale nel canto, che pu\u00f2 essere per certi aspetti, da qualcuno, anche non gradito. Ma \u00e8 questo il punto: Annalisa canta cos\u00ec com\u2019\u00e8, in questo risiede la sua specifica originalit\u00e0. E&#8217; cresciuta umanamente e professionalmente, e sa stupirmi per la sua capacit\u00e0 di crescere ancora&#8221;.<\/p>\n<p>A Savona la &#8220;On stage music school&#8221; dedicher\u00e0 corsi per ogni livello, compresa la formazione per gli insegnanti. &#8220;La voce dice tutto di noi ed esercita il suo potere non solo nel canto, ma in ogni momento della giornata, dalla sfera privata a quella pubblica&#8221; afferma Danila Satragno.<\/p>\n<p>Si stima che in Italia 5 milioni di persone, dai 4 ai 60 anni, si esibiscano su un palco ogni anno. Ugole che potrebbero trovare consigli preziosi nel metodo &#8220;Vocal Care&#8221;, cos\u00ec come chi \u00e8 attratto dal canto ma non si \u00e8 mai cimentato, considerandosi stonato: &#8220;Gli stonati senza speranza nel mondo sono solo il 3 per cento &#8211; spiega la vocal coach ligure &#8211; Solo questa piccola percentuale di popolazione non riesce a percepire le tonalit\u00e0 della musica. Tutti gli altri, invece, sono solo &#8216;stonati per caso&#8217;: sentono correttamente ma poi non riescono a riprodurre con la voce. In questi casi occorre un metodo educativo che ristabilisca un equilibrio tra orecchio e corde vocali&#8221;.<\/p>\n","protected":false},"excerpt":{"rendered":"<p>Savona. A Savona apre una nuova scuola di canto moderno dedicata ai giovani talenti: la &#8220;On stage music school&#8221; di Danila Satragno. L&#8217;inaugurazione del centro \u00e8 in programma per domenica 6 febbraio, in via Belloro. Importante jazz singer, la cairese Satragno ne ha macinata di strada musicale: da corista del compianto De Andr\u00e8 a collaboratrice [&hellip;]<\/p>\n","protected":false},"author":13744,"featured_media":0,"comment_status":"open","ping_status":"closed","sticky":false,"template":"","format":"standard","meta":{"footnotes":""},"categories":[],"tags":[27621,1888,359,5775,826,85850,199],"class_list":["post-134380","post","type-post","status-publish","format-standard","hentry","tag-annalisa-scarrone","tag-canto","tag-canzone","tag-danila-satragno","tag-musica","tag-savona","tag-scuola","post_cat_citta-savona"],"amp_validity":null,"amp_enabled":true,"_links":{"self":[{"href":"https:\/\/staging.ivg.it\/ediapi\/wp\/v2\/posts\/134380","targetHints":{"allow":["GET"]}}],"collection":[{"href":"https:\/\/staging.ivg.it\/ediapi\/wp\/v2\/posts"}],"about":[{"href":"https:\/\/staging.ivg.it\/ediapi\/wp\/v2\/types\/post"}],"author":[{"embeddable":true,"href":"https:\/\/staging.ivg.it\/ediapi\/wp\/v2\/users\/13744"}],"replies":[{"embeddable":true,"href":"https:\/\/staging.ivg.it\/ediapi\/wp\/v2\/comments?post=134380"}],"version-history":[{"count":0,"href":"https:\/\/staging.ivg.it\/ediapi\/wp\/v2\/posts\/134380\/revisions"}],"wp:attachment":[{"href":"https:\/\/staging.ivg.it\/ediapi\/wp\/v2\/media?parent=134380"}],"wp:term":[{"taxonomy":"category","embeddable":true,"href":"https:\/\/staging.ivg.it\/ediapi\/wp\/v2\/categories?post=134380"},{"taxonomy":"post_tag","embeddable":true,"href":"https:\/\/staging.ivg.it\/ediapi\/wp\/v2\/tags?post=134380"}],"curies":[{"name":"wp","href":"https:\/\/api.w.org\/{rel}","templated":true}]}}