{"id":134268,"date":"2011-01-29T15:36:56","date_gmt":"2011-01-29T14:36:56","guid":{"rendered":"http:\/\/www.ivg.it\/?p=134268"},"modified":"2011-01-29T15:36:56","modified_gmt":"2011-01-29T14:36:56","slug":"i-liguri-di-fli-si-riuniscono-a-genova-ci-sara-anche-fini-attese-600-persone","status":"publish","type":"post","link":"https:\/\/staging.ivg.it\/2011\/01\/i-liguri-di-fli-si-riuniscono-a-genova-ci-sara-anche-fini-attese-600-persone\/","title":{"rendered":"I liguri di Fli si riuniscono a Genova, ci sar\u00e0 anche Fini: attese 600 persone"},"content":{"rendered":"<p><strong>Savona<\/strong>. Sono oltre 600 liguri che hanno aderito all\u00b4appuntamento conviviale di Futuro e Libert\u00e0. La cena si svolger\u00e0 questa sera, 29 gennaio, allo Sheraton Hotel di Genova. All&#8217;evento parteciper\u00e0 come ospite d\u00b4onore il presidente della Camera, l\u00b4onorevole Gianfranco Fini. Il leader di Futuro e Libert\u00e0 per l\u00b4Italia sar\u00e0 accompagnato dall\u00b4onorevole Adolfo D\u00b4Urso e dall\u00b4onorevole Italo Bocchino.<\/p>\n<p>Prima della cena, intorno alle 20, toccher\u00e0 a Enrico Nan, coordinatore regionale Fli per la Liguria, fare gli onori di casa. A seguire interventi di Adolfo Urso e Italo Bocchino. Poi si terr\u00e0 l\u00b4atteso intervento del presidente Gianfranco Fini, che esporr\u00e0 a Genova le linee preparatorie in vista del congresso costituente di Futuro e Libert\u00e0 per l\u00b4Italia, in programma a Milano dall\u00b411 al 13 febbraio.<\/p>\n","protected":false},"excerpt":{"rendered":"<p>Savona. Sono oltre 600 liguri che hanno aderito all\u00b4appuntamento conviviale di Futuro e Libert\u00e0. La cena si svolger\u00e0 questa sera, 29 gennaio, allo Sheraton Hotel di Genova. All&#8217;evento parteciper\u00e0 come ospite d\u00b4onore il presidente della Camera, l\u00b4onorevole Gianfranco Fini. Il leader di Futuro e Libert\u00e0 per l\u00b4Italia sar\u00e0 accompagnato dall\u00b4onorevole Adolfo D\u00b4Urso e dall\u00b4onorevole Italo [&hellip;]<\/p>\n","protected":false},"author":13744,"featured_media":0,"comment_status":"open","ping_status":"closed","sticky":false,"template":"","format":"standard","meta":{"footnotes":""},"categories":[56,31],"tags":[1391,26025,27654,737],"class_list":["post-134268","post","type-post","status-publish","format-standard","hentry","category-altre","category-politica","tag-cena","tag-fli","tag-futuro-e-liberta","tag-genova","post_cat_citta-andora"],"amp_validity":null,"amp_enabled":true,"_links":{"self":[{"href":"https:\/\/staging.ivg.it\/ediapi\/wp\/v2\/posts\/134268","targetHints":{"allow":["GET"]}}],"collection":[{"href":"https:\/\/staging.ivg.it\/ediapi\/wp\/v2\/posts"}],"about":[{"href":"https:\/\/staging.ivg.it\/ediapi\/wp\/v2\/types\/post"}],"author":[{"embeddable":true,"href":"https:\/\/staging.ivg.it\/ediapi\/wp\/v2\/users\/13744"}],"replies":[{"embeddable":true,"href":"https:\/\/staging.ivg.it\/ediapi\/wp\/v2\/comments?post=134268"}],"version-history":[{"count":0,"href":"https:\/\/staging.ivg.it\/ediapi\/wp\/v2\/posts\/134268\/revisions"}],"wp:attachment":[{"href":"https:\/\/staging.ivg.it\/ediapi\/wp\/v2\/media?parent=134268"}],"wp:term":[{"taxonomy":"category","embeddable":true,"href":"https:\/\/staging.ivg.it\/ediapi\/wp\/v2\/categories?post=134268"},{"taxonomy":"post_tag","embeddable":true,"href":"https:\/\/staging.ivg.it\/ediapi\/wp\/v2\/tags?post=134268"}],"curies":[{"name":"wp","href":"https:\/\/api.w.org\/{rel}","templated":true}]}}