{"id":132095,"date":"2011-01-20T18:20:30","date_gmt":"2011-01-20T17:20:30","guid":{"rendered":"http:\/\/www.ivg.it\/?p=132095"},"modified":"2011-01-20T18:20:30","modified_gmt":"2011-01-20T17:20:30","slug":"botte-e-minacce-di-morte-alla-moglie-43enne-condannato-a-due-anni","status":"publish","type":"post","link":"https:\/\/staging.ivg.it\/2011\/01\/botte-e-minacce-di-morte-alla-moglie-43enne-condannato-a-due-anni\/","title":{"rendered":"Botte e minacce di morte alla moglie: 43enne condannato a due anni"},"content":{"rendered":"<p><strong>Savona<\/strong>. Due anni di reclusione, oltre al pagamento di un risarcimento di seimila euro. E&#8217; questa la condanna inflitta questa mattina, nel Tribunale savonese, ad un 43enne di origini calabresi che doveva rispondere dell&#8217;accusa di di maltrattamenti in famiglia, lesioni personali aggravate e minacce. Per lui il pubblico ministero Giovanni Battista Ferro aveva chiesto due anni e sei mesi di reclusione.<\/p>\n<p>Gli episodi contestati risalgono all&#8217;ottobre-novembre 2006 quando l&#8217;uomo picchi\u00f2 e minacci\u00f2 di morte pi\u00f9 volte la coniuge procurandole anche delle lesioni (giudicate guaribili in 10 giorni). In un altra circostanza inoltre minacci\u00f2 un amica della compagna dicendole che l&#8217;avrebbe &#8220;sgozzata insieme al figlio e al marito&#8221;.<\/p>\n","protected":false},"excerpt":{"rendered":"<p>Savona. Due anni di reclusione, oltre al pagamento di un risarcimento di seimila euro. E&#8217; questa la condanna inflitta questa mattina, nel Tribunale savonese, ad un 43enne di origini calabresi che doveva rispondere dell&#8217;accusa di di maltrattamenti in famiglia, lesioni personali aggravate e minacce. Per lui il pubblico ministero Giovanni Battista Ferro aveva chiesto due [&hellip;]<\/p>\n","protected":false},"author":2394,"featured_media":0,"comment_status":"open","ping_status":"closed","sticky":false,"template":"","format":"standard","meta":{"footnotes":""},"categories":[34],"tags":[963,342,15437,1840,1981,16920],"class_list":["post-132095","post","type-post","status-publish","format-standard","hentry","category-cronaca","tag-condanna","tag-lesioni","tag-maltrattamenti-in-famiglia","tag-minacce","tag-processo","tag-tribunale-di-savona","post_cat_citta-savona"],"amp_validity":null,"amp_enabled":true,"_links":{"self":[{"href":"https:\/\/staging.ivg.it\/ediapi\/wp\/v2\/posts\/132095","targetHints":{"allow":["GET"]}}],"collection":[{"href":"https:\/\/staging.ivg.it\/ediapi\/wp\/v2\/posts"}],"about":[{"href":"https:\/\/staging.ivg.it\/ediapi\/wp\/v2\/types\/post"}],"author":[{"embeddable":true,"href":"https:\/\/staging.ivg.it\/ediapi\/wp\/v2\/users\/2394"}],"replies":[{"embeddable":true,"href":"https:\/\/staging.ivg.it\/ediapi\/wp\/v2\/comments?post=132095"}],"version-history":[{"count":0,"href":"https:\/\/staging.ivg.it\/ediapi\/wp\/v2\/posts\/132095\/revisions"}],"wp:attachment":[{"href":"https:\/\/staging.ivg.it\/ediapi\/wp\/v2\/media?parent=132095"}],"wp:term":[{"taxonomy":"category","embeddable":true,"href":"https:\/\/staging.ivg.it\/ediapi\/wp\/v2\/categories?post=132095"},{"taxonomy":"post_tag","embeddable":true,"href":"https:\/\/staging.ivg.it\/ediapi\/wp\/v2\/tags?post=132095"}],"curies":[{"name":"wp","href":"https:\/\/api.w.org\/{rel}","templated":true}]}}