{"id":132089,"date":"2011-01-20T18:10:06","date_gmt":"2011-01-20T17:10:06","guid":{"rendered":"http:\/\/www.ivg.it\/?p=132089"},"modified":"2011-01-20T18:11:08","modified_gmt":"2011-01-20T17:11:08","slug":"albissola-nuova-rotta-il-progetto-di-box-in-via-largo-dei-ceramisti-non-ci-convince","status":"publish","type":"post","link":"https:\/\/staging.ivg.it\/2011\/01\/albissola-nuova-rotta-il-progetto-di-box-in-via-largo-dei-ceramisti-non-ci-convince\/","title":{"rendered":"Albissola, Nuova Rotta: &#8220;Il progetto di box in via Largo dei Ceramisti non ci convince&#8221;"},"content":{"rendered":"<p><strong>Albissola.<\/strong> Sul progetto di iniziativa privata della societ\u00e0 Alpar di Ceva, che prevede sulle fasce sterrate di largo Ceramisti, nel centro di Albissola marina, la realizzazione di un&#8217;autorimessa sotterranea con 178 box, suddivisi in due comparti e altrettanti livelli e una drastica riduzione invece degli originari posti a raso destinati a sosta gratuita il gruppo consigliare Nuova Rotta ha\u00a0depositato in Comune le proprie osservazioni sull&#8217;ipotesi progettuale in argomento.<\/p>\n<p>&#8220;L&#8217;area in oggetto, dove oggi \u00e8 presente un parcheggio sterrato \u00e8 di vitale importanza per garantire la sopravvivenza delle attivit\u00e0 commerciali e artigianali presenti nel centro storico, per non parlare dei residenti che col passare del tempo vedono sempre pi\u00f9 restringersi le aree di libero parcheggio ed aumentati invece i balzelli sui posti auto. Nuova Rotta ritiene fondamentale che la Giunta comunale si adoperi affinch\u00e8 detto progetto garantisca significative e concrete ricadute<br \/>\npositive sia in termini economici per le casse comunali sia in termini di effettivi miglioramenti della vivibilit\u00e0 dei cittadini&#8221;\u00a0scrive Luigi Silvestro capogruppo Nuova Rotta.<\/p>\n<p>&#8220;Chiediamo alla Giunta tempi certi nella realizzazione dell&#8217;intervento edilizio che intendono approvare, perch\u00e8 \u00e8 impensabile ed insostenibile per l&#8217;intera cittadina ipotizzare di tenere chiuso tale parcheggio per un tempo eccessivamente lungo o comunque incerto; inoltre \u00e8 fondamentale garantire che ad intervento concluso, con la riapertura dell&#8217;area, gli Albissolesi non si vedano scippati neanche di un parcheggio a libera sosta, rispetto a quelli originariamente ancora oggi presenti, troppo pochi infatti i 116 posti in superficie previsti nel nuovo progetto&#8221; conclude Silvestro.<\/p>\n<p>Tra le motivazioni che hanno portato Nuova Rotta a formalizzare un documento con delle osservazioni all&#8217;ipotesi progettuale in argomento, la necessit\u00e0 di completare la messa in sicurezza del rio Basci,\u00a0 la possibilit\u00e0 di aumentare i previsti 116 posti auto pubblici in superficie mantenendoli in regime di sosta gratuita, la realizzazione di un accesso anche carrabile a servizio del confinante cimitero e la progettazione di un percorso pedonale che colleghi Via Bruciati con Via dei Ceramisti.<\/p>\n","protected":false},"excerpt":{"rendered":"<p>Albissola. Sul progetto di iniziativa privata della societ\u00e0 Alpar di Ceva, che prevede sulle fasce sterrate di largo Ceramisti, nel centro di Albissola marina, la realizzazione di un&#8217;autorimessa sotterranea con 178 box, suddivisi in due comparti e altrettanti livelli e una drastica riduzione invece degli originari posti a raso destinati a sosta gratuita il gruppo [&hellip;]<\/p>\n","protected":false},"author":13744,"featured_media":0,"comment_status":"open","ping_status":"closed","sticky":false,"template":"","format":"standard","meta":{"footnotes":""},"categories":[31],"tags":[86007,8317,13017],"class_list":["post-132089","post","type-post","status-publish","format-standard","hentry","category-politica","tag-albissola-marina","tag-luigi-silvestro","tag-nuova-rotta","post_cat_citta-albissola-marina"],"amp_validity":null,"amp_enabled":true,"_links":{"self":[{"href":"https:\/\/staging.ivg.it\/ediapi\/wp\/v2\/posts\/132089","targetHints":{"allow":["GET"]}}],"collection":[{"href":"https:\/\/staging.ivg.it\/ediapi\/wp\/v2\/posts"}],"about":[{"href":"https:\/\/staging.ivg.it\/ediapi\/wp\/v2\/types\/post"}],"author":[{"embeddable":true,"href":"https:\/\/staging.ivg.it\/ediapi\/wp\/v2\/users\/13744"}],"replies":[{"embeddable":true,"href":"https:\/\/staging.ivg.it\/ediapi\/wp\/v2\/comments?post=132089"}],"version-history":[{"count":0,"href":"https:\/\/staging.ivg.it\/ediapi\/wp\/v2\/posts\/132089\/revisions"}],"wp:attachment":[{"href":"https:\/\/staging.ivg.it\/ediapi\/wp\/v2\/media?parent=132089"}],"wp:term":[{"taxonomy":"category","embeddable":true,"href":"https:\/\/staging.ivg.it\/ediapi\/wp\/v2\/categories?post=132089"},{"taxonomy":"post_tag","embeddable":true,"href":"https:\/\/staging.ivg.it\/ediapi\/wp\/v2\/tags?post=132089"}],"curies":[{"name":"wp","href":"https:\/\/api.w.org\/{rel}","templated":true}]}}