{"id":130925,"date":"2011-01-15T12:56:03","date_gmt":"2011-01-15T11:56:03","guid":{"rendered":"http:\/\/www.ivg.it\/?p=130925"},"modified":"2011-01-15T18:56:00","modified_gmt":"2011-01-15T17:56:00","slug":"savona-attivato-presidio-di-polizia-municipale-alla-mensa-caritas","status":"publish","type":"post","link":"https:\/\/staging.ivg.it\/2011\/01\/savona-attivato-presidio-di-polizia-municipale-alla-mensa-caritas\/","title":{"rendered":"Savona: attivato presidio di polizia municipale alla mensa Caritas"},"content":{"rendered":"<p><strong>Savona<\/strong>. Da Luned\u00ec 17 gennaio, all&#8217;esterno della mensa della Caritas di Santa Rita, sar\u00e0 attivato un presidio della Polizia Municipale per garantire questo servizio solidale indirizzato ai pi\u00f9 bisognosi in un clima di maggior serenit\u00e0 e sicurezza per gli abitanti. <\/p>\n<p>Il presidio della Polizia Municipale, deciso dal Sindaco Federico Berruti, sar\u00e0 giornaliero negli orari di utilizzo della mensa e permetter\u00e0 di intervenire immediatamente nel caso si dovessero ripetere disordini o intemperanze da parte dei frequentatori della mensa. Lo scopo \u00e8 quello di normalizzare la situazione che si era creata, al fine di mantenere un servizio importante per tutte quelle persone che in citt\u00e0 si trovano in condizioni di forte difficolt\u00e0, ma nel contempo garantendo la sicurezza e la tranquillit\u00e0  degli abitanti e degli esercizi commerciali della zona, all&#8217;interno del quartiere di Santa Rita e a ridosso dell&#8217;omonima chiesa. &#8220;Sicurezza e solidarieta&#8217; non sono contrapposte ma due valori fondamentali per una convivenza civile\u201d, sottolinea il sindaco Federico Berruti.<\/p>\n","protected":false},"excerpt":{"rendered":"<p>Savona. Da Luned\u00ec 17 gennaio, all&#8217;esterno della mensa della Caritas di Santa Rita, sar\u00e0 attivato un presidio della Polizia Municipale per garantire questo servizio solidale indirizzato ai pi\u00f9 bisognosi in un clima di maggior serenit\u00e0 e sicurezza per gli abitanti. Il presidio della Polizia Municipale, deciso dal Sindaco Federico Berruti, sar\u00e0 giornaliero negli orari di [&hellip;]<\/p>\n","protected":false},"author":13744,"featured_media":0,"comment_status":"open","ping_status":"closed","sticky":false,"template":"","format":"standard","meta":{"footnotes":""},"categories":[34],"tags":[1062,1597,2056,16199,85850,183],"class_list":["post-130925","post","type-post","status-publish","format-standard","hentry","category-cronaca","tag-federico-berruti","tag-mensa","tag-polizia-municipale","tag-santa-rita","tag-savona","tag-sicurezza","post_cat_citta-savona"],"amp_validity":null,"amp_enabled":true,"_links":{"self":[{"href":"https:\/\/staging.ivg.it\/ediapi\/wp\/v2\/posts\/130925","targetHints":{"allow":["GET"]}}],"collection":[{"href":"https:\/\/staging.ivg.it\/ediapi\/wp\/v2\/posts"}],"about":[{"href":"https:\/\/staging.ivg.it\/ediapi\/wp\/v2\/types\/post"}],"author":[{"embeddable":true,"href":"https:\/\/staging.ivg.it\/ediapi\/wp\/v2\/users\/13744"}],"replies":[{"embeddable":true,"href":"https:\/\/staging.ivg.it\/ediapi\/wp\/v2\/comments?post=130925"}],"version-history":[{"count":0,"href":"https:\/\/staging.ivg.it\/ediapi\/wp\/v2\/posts\/130925\/revisions"}],"wp:attachment":[{"href":"https:\/\/staging.ivg.it\/ediapi\/wp\/v2\/media?parent=130925"}],"wp:term":[{"taxonomy":"category","embeddable":true,"href":"https:\/\/staging.ivg.it\/ediapi\/wp\/v2\/categories?post=130925"},{"taxonomy":"post_tag","embeddable":true,"href":"https:\/\/staging.ivg.it\/ediapi\/wp\/v2\/tags?post=130925"}],"curies":[{"name":"wp","href":"https:\/\/api.w.org\/{rel}","templated":true}]}}