{"id":130205,"date":"2011-01-12T16:21:35","date_gmt":"2011-01-12T15:21:35","guid":{"rendered":"http:\/\/www.ivg.it\/?p=130205"},"modified":"2011-01-12T16:21:35","modified_gmt":"2011-01-12T15:21:35","slug":"permise-a-pedofilo-di-scattare-foto-ose-alla-figlia-mamma-a-giudizio-altro-rinvio","status":"publish","type":"post","link":"https:\/\/staging.ivg.it\/2011\/01\/permise-a-pedofilo-di-scattare-foto-ose-alla-figlia-mamma-a-giudizio-altro-rinvio\/","title":{"rendered":"Permise a pedofilo di scattare foto os\u00e8 alla figlia, mamma a giudizio: altro rinvio"},"content":{"rendered":"<p><strong>Savona<\/strong>. Era fissata per questa mattina, in Tribunale a Savona, una nuova udienza del processo che vede imputata, con l&#8217;accusa di violenza sessuale a scopo fotografico e sfruttamento di minore finalizzato alla produzione di materiale pedopornografico, una mamma savonese. A causa di un impedimento del pubblico ministero per\u00f2 il processo non \u00e8 stato celebrato ed \u00e8 stato rinviato al prossimo 15 marzo. <\/p>\n<p>La madre \u00e8 finita a giudizio perch\u00e9, secondo l&#8217;accusa, avrebbe permesso ad un pittore di Vado (adesso deceduto), che a sua volta era finito sotto inchiesta per una serie di fotografie che mostrano bimbi molto piccoli in atteggiamenti epliciti, di fare foto os\u00e8 alla figlioletta. La donna, difesa dagli avvocati Silvio Carrara Sutour ed Emanuele Lamberti, ha sempre respinto le accuse, sostenendo che quelli scatti sarebbero stati realizzati a sua insaputa. <\/p>\n<p>Una tesi che, nelle precedenti udienze, \u00e8 anche stata confermata dalla figlia che all&#8217;epoca dei fatti aveva sei anni. L&#8217;imputata invece aveva spiegato: &#8220;Non mi sono accorta di quello che succedeva alle mie spalle. Lui scattava le foto, mentre ero in cucina a preparare il caff\u00e8, a mia insaputa&#8221;.<\/p>\n","protected":false},"excerpt":{"rendered":"<p>Savona. Era fissata per questa mattina, in Tribunale a Savona, una nuova udienza del processo che vede imputata, con l&#8217;accusa di violenza sessuale a scopo fotografico e sfruttamento di minore finalizzato alla produzione di materiale pedopornografico, una mamma savonese. A causa di un impedimento del pubblico ministero per\u00f2 il processo non \u00e8 stato celebrato ed [&hellip;]<\/p>\n","protected":false},"author":2394,"featured_media":0,"comment_status":"open","ping_status":"closed","sticky":false,"template":"","format":"standard","meta":{"footnotes":""},"categories":[34],"tags":[9145,280,1981,85850,16920],"class_list":["post-130205","post","type-post","status-publish","format-standard","hentry","category-cronaca","tag-giudizio","tag-pittore","tag-processo","tag-savona","tag-tribunale-di-savona","post_cat_citta-savona"],"amp_validity":null,"amp_enabled":true,"_links":{"self":[{"href":"https:\/\/staging.ivg.it\/ediapi\/wp\/v2\/posts\/130205","targetHints":{"allow":["GET"]}}],"collection":[{"href":"https:\/\/staging.ivg.it\/ediapi\/wp\/v2\/posts"}],"about":[{"href":"https:\/\/staging.ivg.it\/ediapi\/wp\/v2\/types\/post"}],"author":[{"embeddable":true,"href":"https:\/\/staging.ivg.it\/ediapi\/wp\/v2\/users\/2394"}],"replies":[{"embeddable":true,"href":"https:\/\/staging.ivg.it\/ediapi\/wp\/v2\/comments?post=130205"}],"version-history":[{"count":0,"href":"https:\/\/staging.ivg.it\/ediapi\/wp\/v2\/posts\/130205\/revisions"}],"wp:attachment":[{"href":"https:\/\/staging.ivg.it\/ediapi\/wp\/v2\/media?parent=130205"}],"wp:term":[{"taxonomy":"category","embeddable":true,"href":"https:\/\/staging.ivg.it\/ediapi\/wp\/v2\/categories?post=130205"},{"taxonomy":"post_tag","embeddable":true,"href":"https:\/\/staging.ivg.it\/ediapi\/wp\/v2\/tags?post=130205"}],"curies":[{"name":"wp","href":"https:\/\/api.w.org\/{rel}","templated":true}]}}