{"id":130137,"date":"2011-01-12T14:24:17","date_gmt":"2011-01-12T13:24:17","guid":{"rendered":"http:\/\/www.ivg.it\/?p=130137"},"modified":"2011-01-12T16:04:18","modified_gmt":"2011-01-12T15:04:18","slug":"delitto-di-borghetto-laccusa-chiede-16-anni-e-8-mesi-per-il-tabaccaio","status":"publish","type":"post","link":"https:\/\/staging.ivg.it\/2011\/01\/delitto-di-borghetto-laccusa-chiede-16-anni-e-8-mesi-per-il-tabaccaio\/","title":{"rendered":"Delitto di Borghetto: l\u2019accusa chiede 16 anni e 8 mesi per il tabaccaio"},"content":{"rendered":"<p><strong>Borghetto S. Spirito<\/strong>. Sedici anni e otto mesi di reclusione. E&#8217; questa la richiesta di pena avanzata dal pm Ubaldo Pelosi a carico di Marco Francesco Virgili, il tabaccaio accusato dell&#8217;omicidio di Francesca Bova. Passaggio cruciale stamane nelle aule di giustizia per il processo che vede imputato il 34enne di Borghetto, mentre \u00e8 prevista a stretto giro la sentenza, al termine del rito abbreviato.<\/p>\n<p>Sulla richiesta del pm ha influito l&#8217;aggravante della premeditazione, visto che l&#8217;uomo aveva portato con s\u00e9 l&#8217;arma (una Glock calibro 40) durante l&#8217;incontro sfociato in lite con la vittima, nel condominio &#8220;Gardenia&#8221;, nella cittadina della Val Varatella. Dall&#8217;autopsia eseguita sul cadavere e dai riscontri del RIS \u00e8 emerso che il colpo \u00e8 stato esploso a distanza ravvicinata, con la donna rivolta di spalle. Aggravante che in sede di richiesta \u00e8 stata presa in considerazione come equivalente delle attenuanti generiche.<\/p>\n","protected":false},"excerpt":{"rendered":"<p>Borghetto S. Spirito. Sedici anni e otto mesi di reclusione. E&#8217; questa la richiesta di pena avanzata dal pm Ubaldo Pelosi a carico di Marco Francesco Virgili, il tabaccaio accusato dell&#8217;omicidio di Francesca Bova. Passaggio cruciale stamane nelle aule di giustizia per il processo che vede imputato il 34enne di Borghetto, mentre \u00e8 prevista a [&hellip;]<\/p>\n","protected":false},"author":13744,"featured_media":0,"comment_status":"open","ping_status":"closed","sticky":false,"template":"","format":"standard","meta":{"footnotes":""},"categories":[34],"tags":[161,3162,924,1981,3887],"class_list":["post-130137","post","type-post","status-publish","format-standard","hentry","category-cronaca","tag-borghetto","tag-delitto","tag-omicidio","tag-processo","tag-sentenza","post_cat_citta-borghetto-santo-spirito"],"amp_validity":null,"amp_enabled":true,"_links":{"self":[{"href":"https:\/\/staging.ivg.it\/ediapi\/wp\/v2\/posts\/130137","targetHints":{"allow":["GET"]}}],"collection":[{"href":"https:\/\/staging.ivg.it\/ediapi\/wp\/v2\/posts"}],"about":[{"href":"https:\/\/staging.ivg.it\/ediapi\/wp\/v2\/types\/post"}],"author":[{"embeddable":true,"href":"https:\/\/staging.ivg.it\/ediapi\/wp\/v2\/users\/13744"}],"replies":[{"embeddable":true,"href":"https:\/\/staging.ivg.it\/ediapi\/wp\/v2\/comments?post=130137"}],"version-history":[{"count":0,"href":"https:\/\/staging.ivg.it\/ediapi\/wp\/v2\/posts\/130137\/revisions"}],"wp:attachment":[{"href":"https:\/\/staging.ivg.it\/ediapi\/wp\/v2\/media?parent=130137"}],"wp:term":[{"taxonomy":"category","embeddable":true,"href":"https:\/\/staging.ivg.it\/ediapi\/wp\/v2\/categories?post=130137"},{"taxonomy":"post_tag","embeddable":true,"href":"https:\/\/staging.ivg.it\/ediapi\/wp\/v2\/tags?post=130137"}],"curies":[{"name":"wp","href":"https:\/\/api.w.org\/{rel}","templated":true}]}}