{"id":129495,"date":"2011-01-10T11:13:55","date_gmt":"2011-01-10T10:13:55","guid":{"rendered":"http:\/\/www.ivg.it\/?p=129495"},"modified":"2011-01-10T13:07:01","modified_gmt":"2011-01-10T12:07:01","slug":"savona-calcio-i-nuovi-campetti-sintetici-intitolati-a-jack-comparato-venerdi-linaugurazione","status":"publish","type":"post","link":"https:\/\/staging.ivg.it\/2011\/01\/savona-calcio-i-nuovi-campetti-sintetici-intitolati-a-jack-comparato-venerdi-linaugurazione\/","title":{"rendered":"Savona Calcio, nuovi campetti intitolati a \u201cJack\u201d Comparato: venerd\u00ec l\u2019inaugurazione"},"content":{"rendered":"<p><strong>Savona<\/strong>. Saranno intitolati a Giacomo &#8220;Jack&#8221; Comparato, il giovane giocatore e promessa della societ\u00e0 biancobl\u00f9, scomparso in un incidente stradale avvenuto il 3 settembre scorso sulla provinciale per Pallare, i nuovi campetti sintetici del Savona Calcio.<\/p>\n<p>L&#8217;inaugurazione della struttura, che si trova in via Chiabrera, dal lato della curva &#8220;sud&#8221; dello stadio Bacigalupo, \u00e8 stata fissata per venerd\u00ec 14 gennaio, alle 14,30. Al taglio del nastro seguir\u00e0 un\u2019esibizione del Settore Giovanile Leve 1999-2000-2001.<\/p>\n","protected":false},"excerpt":{"rendered":"<p>Savona. Saranno intitolati a Giacomo &#8220;Jack&#8221; Comparato, il giovane giocatore e promessa della societ\u00e0 biancobl\u00f9, scomparso in un incidente stradale avvenuto il 3 settembre scorso sulla provinciale per Pallare, i nuovi campetti sintetici del Savona Calcio. L&#8217;inaugurazione della struttura, che si trova in via Chiabrera, dal lato della curva &#8220;sud&#8221; dello stadio Bacigalupo, \u00e8 stata [&hellip;]<\/p>\n","protected":false},"author":13744,"featured_media":0,"comment_status":"open","ping_status":"closed","sticky":false,"template":"","format":"standard","meta":{"footnotes":""},"categories":[56,32],"tags":[26682,200,86042],"class_list":["post-129495","post","type-post","status-publish","format-standard","hentry","category-altre","category-sport","tag-giacomo-comparato","tag-inaugurazione","tag-savona-calcio","post_cat_citta-savona"],"amp_validity":null,"amp_enabled":true,"_links":{"self":[{"href":"https:\/\/staging.ivg.it\/ediapi\/wp\/v2\/posts\/129495","targetHints":{"allow":["GET"]}}],"collection":[{"href":"https:\/\/staging.ivg.it\/ediapi\/wp\/v2\/posts"}],"about":[{"href":"https:\/\/staging.ivg.it\/ediapi\/wp\/v2\/types\/post"}],"author":[{"embeddable":true,"href":"https:\/\/staging.ivg.it\/ediapi\/wp\/v2\/users\/13744"}],"replies":[{"embeddable":true,"href":"https:\/\/staging.ivg.it\/ediapi\/wp\/v2\/comments?post=129495"}],"version-history":[{"count":0,"href":"https:\/\/staging.ivg.it\/ediapi\/wp\/v2\/posts\/129495\/revisions"}],"wp:attachment":[{"href":"https:\/\/staging.ivg.it\/ediapi\/wp\/v2\/media?parent=129495"}],"wp:term":[{"taxonomy":"category","embeddable":true,"href":"https:\/\/staging.ivg.it\/ediapi\/wp\/v2\/categories?post=129495"},{"taxonomy":"post_tag","embeddable":true,"href":"https:\/\/staging.ivg.it\/ediapi\/wp\/v2\/tags?post=129495"}],"curies":[{"name":"wp","href":"https:\/\/api.w.org\/{rel}","templated":true}]}}