{"id":128998,"date":"2011-01-07T10:00:54","date_gmt":"2011-01-07T09:00:54","guid":{"rendered":"http:\/\/www.ivg.it\/?p=128998"},"modified":"2011-01-07T13:40:23","modified_gmt":"2011-01-07T12:40:23","slug":"polemica-della-cultura-ad-alassio-fiammate-tra-il-prof-quaglieni-ed-il-tenore-elena","status":"publish","type":"post","link":"https:\/\/staging.ivg.it\/2011\/01\/polemica-della-cultura-ad-alassio-fiammate-tra-il-prof-quaglieni-ed-il-tenore-elena\/","title":{"rendered":"Alassio, \u201cPolemica della cultura\u201d: fiammate tra il Prof. Quaglieni ed il tenore Elena"},"content":{"rendered":"<p><strong>Alassio<\/strong>. Non si placa la &#8220;polemica della cultura&#8221; ad Alassio. Dopo lo scambio di opinioni tra l&#8217;assessore al Turismo e alla Cultura Monica Zioni e il tenore Andrea Elena, &#8220;reo&#8221; di aver rifiutato il premio &#8220;Alassino d&#8217;oro&#8221; (e di aver criticato su alcuni media locali l\u2019attivit\u00e0 culturale e in particolare musicale dell\u2019assessorato in questione), ora ad attaccare il cantante \u00e8 il Prof. Franco Quaglieni. Le parole del docente e saggista di storia risorgimentale e contemporanea, nonch\u00e8 fondatore insieme a Mario Soldati del Centro Pannunzio, hanno avviato cos\u00ec un nuovo botta e risposta sull&#8217;argomento.<\/p>\n<p>&#8220;L&#8217;Alassino d&#8217;oro \u00e8 la pi\u00f9 alta onorificenza conferita ad Alassio. Sono sorpreso ed anche un p\u00f2 indignato che chi ne \u00e8 insignito, restituisca l&#8217;Alassino per motivi polemici che offendono il riconoscimento stesso e chi lo ha ricevuto. E&#8217; penoso dover richiamare il senso pi\u00f9 elementare delle istituzioni. Nessuno restituirebbe un&#8217;onorificenza dell&#8217;Ordine al merito della Repubblica perch\u00e8 in dissenso con il Presidente o il Capo del governo che sono i firmatari del Decreto&#8221; attacca Quaglieni.<\/p>\n<p>&#8220;Il cantante signor Andrea Elena ha mancato totalmente di quel bon ton istituzionale che deve andare oltre tutte le differenze politiche, restituendo l&#8217;Alassino. Ho polemizzato mille volte con i Sindaci di Torino, ma non mi \u00e8 mai venuta in mente l&#8217;idea balzana di restituire il &#8216;Sigillo della Citt\u00e0&#8217; che mi confer\u00ec il sindaco Novelli. L&#8217;Alassino va lasciato fuori dalle polemiche che, ovviamente, sono lecitissime, se condotte con il dovuto stile&#8221; aggiunge Quaglieni, che ha ricevuto l&#8217;Alassino d&#8217;oro 2007.<\/p>\n<p>&#8220;Chiedo spazio per rispondere a un attacco subdolo fatto nei miei confronti &#8211; spiega Andrea Elena -. Leggo di un non meglio identificato professore Quaglieni. Non capisco da dove spunti, ma si definisce &#8216;Alassino d&#8217;oro&#8217;. Mi farebbe piacere sapere perch\u00e9 e per cosa. Senza conoscermi il sapientone si permette di definirmi &#8216;penoso&#8217; e &#8216;mancante di bon ton&#8217;. Egregio signore o professore che dir si voglia non conosco il suo  nome, il suo volto e neppure il suo curriculum. Lei si erge a difensore di qualcuno e accusatore di qualcun&#8217;altro? Io non faccio polemica e, se permette, da Alassino, mi pacerebbe tanto sapere perch\u00e9 vuole farla lei&#8221;.<\/p>\n<p>&#8220;Mi dispiace doverle scrivere, intervenire in seguito a un suo scritto che, eufemisticamente, definisco innoportuno e poco ortodosso. Torino \u00e8 una citt\u00e0 che amo e che mi ha permesso pi\u00f9 di una volta di calcare il suo fantastico &#8216;Regio&#8217;. Ho molti amici nel capoluogo piemontese. Ho fatto alcune telefonate, ma per tutti lei \u00e8 un Carneade di manzoniana memoria. Mi auguro di poterla &#8216;scoprire&#8217; al mio ritorno dagli Stati Uniti visto che, informato da amici, scrivo dall&#8217;aeroporto di Malpensa. Mi farebbe piacere incontrarla per imparare da lei le nozioni di bon ton e per essere meno &#8216;penoso&#8217; di lei&#8221; conclude Elena.<\/p>\n","protected":false},"excerpt":{"rendered":"<p>Alassio. Non si placa la &#8220;polemica della cultura&#8221; ad Alassio. Dopo lo scambio di opinioni tra l&#8217;assessore al Turismo e alla Cultura Monica Zioni e il tenore Andrea Elena, &#8220;reo&#8221; di aver rifiutato il premio &#8220;Alassino d&#8217;oro&#8221; (e di aver criticato su alcuni media locali l\u2019attivit\u00e0 culturale e in particolare musicale dell\u2019assessorato in questione), ora [&hellip;]<\/p>\n","protected":false},"author":13744,"featured_media":0,"comment_status":"open","ping_status":"closed","sticky":false,"template":"","format":"standard","meta":{"footnotes":""},"categories":[56],"tags":[4755,85824,23780],"class_list":["post-128998","post","type-post","status-publish","format-standard","hentry","category-altre","tag-alassino-doro","tag-alassio","tag-andrea-elena","post_cat_citta-alassio"],"amp_validity":null,"amp_enabled":true,"_links":{"self":[{"href":"https:\/\/staging.ivg.it\/ediapi\/wp\/v2\/posts\/128998","targetHints":{"allow":["GET"]}}],"collection":[{"href":"https:\/\/staging.ivg.it\/ediapi\/wp\/v2\/posts"}],"about":[{"href":"https:\/\/staging.ivg.it\/ediapi\/wp\/v2\/types\/post"}],"author":[{"embeddable":true,"href":"https:\/\/staging.ivg.it\/ediapi\/wp\/v2\/users\/13744"}],"replies":[{"embeddable":true,"href":"https:\/\/staging.ivg.it\/ediapi\/wp\/v2\/comments?post=128998"}],"version-history":[{"count":0,"href":"https:\/\/staging.ivg.it\/ediapi\/wp\/v2\/posts\/128998\/revisions"}],"wp:attachment":[{"href":"https:\/\/staging.ivg.it\/ediapi\/wp\/v2\/media?parent=128998"}],"wp:term":[{"taxonomy":"category","embeddable":true,"href":"https:\/\/staging.ivg.it\/ediapi\/wp\/v2\/categories?post=128998"},{"taxonomy":"post_tag","embeddable":true,"href":"https:\/\/staging.ivg.it\/ediapi\/wp\/v2\/tags?post=128998"}],"curies":[{"name":"wp","href":"https:\/\/api.w.org\/{rel}","templated":true}]}}