{"id":128702,"date":"2011-01-05T10:00:07","date_gmt":"2011-01-05T09:00:07","guid":{"rendered":"http:\/\/www.ivg.it\/?p=128702"},"modified":"2011-01-05T13:06:14","modified_gmt":"2011-01-05T12:06:14","slug":"ad-alassio-la-befana-vien-dal-mare","status":"publish","type":"post","link":"https:\/\/staging.ivg.it\/2011\/01\/ad-alassio-la-befana-vien-dal-mare\/","title":{"rendered":"Ad Alassio la Befana vien dal mare"},"content":{"rendered":"<p><strong>Alassio<\/strong>. Domani, gioved\u00ec 6 gennaio, ad Alassio, la Befana arriver\u00e0 dal mare con pinne e maschera. Sar\u00e0, infatti, l\u2019&#8221;Epifania del  subacqueo&#8221;, organizzata dal Circolo Nautico alassino con il patrocinio dell\u2019Assessorato al Turismo e alla Cultura a dare il via alla giornata di festa.<\/p>\n<p>Alle 10.30, la &#8220;befana subaquea&#8221; arriver\u00e0 sul litorale nei pressi del Pontile Bestoso, accompagnata da pi\u00f9 di 50 sub, per distribuire dolcetti e carbone ai pi\u00f9 piccini. Poi si getter\u00e0 in mare scomparendo nel fondale marino. Sul molo, accompagnata dalle note del Complesso Bandistico \u201cCitt\u00e0 di Alassio\u201d, si svolger\u00e0 la cerimonia di benedizione della corona d\u2019alloro che i sub poseranno sul Cristo degli Abissi, in fondo la mare, a poca distanza dall&#8217;Isola Gallinara, a 18 metri di profondit\u00e0. Ad assistere i sub saranno le barche del Circolo Nautico e numerosi gruppi diving.<\/p>\n<p>La festa proseguir\u00e0 nel pomeriggio, dalle ore 15.30, nelle vie cittadine, con il Concerto itinerante del complesso bandistico. Per i bambini, alle 16.00, in biblioteca, nell\u2019&#8221;Angolo Morbido&#8221;, ci sar\u00e0 la Compagnia &#8220;I Senzatetto&#8221;, che animer\u00e0 il pomeriggio con l\u2019iniziativa &#8220;Befanando&#8221;.<\/p>\n","protected":false},"excerpt":{"rendered":"<p>Alassio. Domani, gioved\u00ec 6 gennaio, ad Alassio, la Befana arriver\u00e0 dal mare con pinne e maschera. Sar\u00e0, infatti, l\u2019&#8221;Epifania del subacqueo&#8221;, organizzata dal Circolo Nautico alassino con il patrocinio dell\u2019Assessorato al Turismo e alla Cultura a dare il via alla giornata di festa. Alle 10.30, la &#8220;befana subaquea&#8221; arriver\u00e0 sul litorale nei pressi del Pontile [&hellip;]<\/p>\n","protected":false},"author":13744,"featured_media":0,"comment_status":"open","ping_status":"closed","sticky":false,"template":"","format":"standard","meta":{"footnotes":""},"categories":[],"tags":[85824,5546,5424],"class_list":["post-128702","post","type-post","status-publish","format-standard","hentry","tag-alassio","tag-befana","tag-epifania","post_cat_citta-alassio"],"amp_validity":null,"amp_enabled":true,"_links":{"self":[{"href":"https:\/\/staging.ivg.it\/ediapi\/wp\/v2\/posts\/128702","targetHints":{"allow":["GET"]}}],"collection":[{"href":"https:\/\/staging.ivg.it\/ediapi\/wp\/v2\/posts"}],"about":[{"href":"https:\/\/staging.ivg.it\/ediapi\/wp\/v2\/types\/post"}],"author":[{"embeddable":true,"href":"https:\/\/staging.ivg.it\/ediapi\/wp\/v2\/users\/13744"}],"replies":[{"embeddable":true,"href":"https:\/\/staging.ivg.it\/ediapi\/wp\/v2\/comments?post=128702"}],"version-history":[{"count":0,"href":"https:\/\/staging.ivg.it\/ediapi\/wp\/v2\/posts\/128702\/revisions"}],"wp:attachment":[{"href":"https:\/\/staging.ivg.it\/ediapi\/wp\/v2\/media?parent=128702"}],"wp:term":[{"taxonomy":"category","embeddable":true,"href":"https:\/\/staging.ivg.it\/ediapi\/wp\/v2\/categories?post=128702"},{"taxonomy":"post_tag","embeddable":true,"href":"https:\/\/staging.ivg.it\/ediapi\/wp\/v2\/tags?post=128702"}],"curies":[{"name":"wp","href":"https:\/\/api.w.org\/{rel}","templated":true}]}}