{"id":128579,"date":"2011-01-04T15:43:29","date_gmt":"2011-01-04T14:43:29","guid":{"rendered":"http:\/\/www.ivg.it\/?p=128579"},"modified":"2011-01-04T15:44:26","modified_gmt":"2011-01-04T14:44:26","slug":"alassio-elena-a-zioni-%e2%80%9cscelte-musicali-sbagliate-anche-se-non-mi-sento-certo-pavarotti","status":"publish","type":"post","link":"https:\/\/staging.ivg.it\/2011\/01\/alassio-elena-a-zioni-%e2%80%9cscelte-musicali-sbagliate-anche-se-non-mi-sento-certo-pavarotti\/","title":{"rendered":"Alassio, Elena a Zioni: \u201cScelte musicali sbagliate anche se non mi sento Pavarotti&#8221;"},"content":{"rendered":"<p><strong>Alassio.<\/strong> Prosegue il botta e risposta tra l\u2019assessore alassina Monica Zioni e Andrea Elena. Dopo l\u2019attacco del maestro al programma musicale della citt\u00e0 del muretto, l\u2019assessore Zioni aveva replicato sottolineando la latitanza dell&#8217;artista nonostante le sue innumerevoli richieste di incontro.<\/p>\n<p>\u201cIl Comune di Alassio ha sempre demandato ogni tipo di contatti in ambito musicale all&#8217;Associazione Elgar ed io con la Presidentessa dott.ssa Naso ho avuto molteplici incontri nei quali i progetti da me proposti sono stati innumerevoli. Gli allestimenti operistici presso l&#8217;Auditorium Simonetti, da molti anni a questa parte, hanno rappresentato un momento particolarmente felice dell&#8217;estate alassina. Quindi &#8220;falso e strumentale&#8221; \u00e8 dire che io non ho mai presentato un progetto, come &#8220;falso e strumentale&#8221; \u00e8 dire di non avere mai parlato di un allestimento estivo, come &#8220;falso e strumentale&#8221; \u00e8 dire che l&#8217;Opera non si fa perch\u00e8 i Commercianti non la vogliono&#8221; afferma Andrea Elena.<\/p>\n<p>\u201cLa collaborazione con il Teatro d&#8217;Opera di Milano \u00e8 stata una scelta sbagliata, l&#8217;Aida di Verdi \u00e8 stato uno degli spettacoli operistici pi\u00f9 brutti che abbia mai visto. Cavalleria rusticana e La serva padrona presso il Palaravizza sono state messe in scena con un perentorio ostracismo nei miei confronti. Non mi sento certo il Pavarotti della situazione, ma so di essere e di essere stato un professionista serio ed impegnato a livello internazionale e la stima e la considerazione nei miei confronti nell&#8217;ambito teatrale ne \u00e8 la riprova\u201d prosegue Elena.<\/p>\n<p>&#8220;E a proposito dei finanziamenti per le attivit\u00e0 musicali che possono riguardarmi, vorrei ribadire che solo la passione per il teatro, la mia professionalit\u00e0 ed il mio amore per Alassio, mi hanno permesso di continuare questa mia battaglia contro i mulini a vento, rimettendoci qualche &#8220;soldino&#8221;! Per quanto riguarda il concerto in S.Ambrogio, la mia presenza &#8220;gratuita&#8221; vuol essere esclusivamente un omaggio al 5\u00b0 anniversario di sacerdozio dell&#8217;amico don Stefano. Questa mia non \u00e8 e non vuol essere una &#8220;polemica sterile&#8221; ma un umile contributo ad evitare i &#8220;gravissimi danni&#8221; all&#8217;immagine della &#8220;anche mia&#8221; Alassio!&#8221; conclude Andrea Elena.<\/p>\n","protected":false},"excerpt":{"rendered":"<p>Alassio. Prosegue il botta e risposta tra l\u2019assessore alassina Monica Zioni e Andrea Elena. Dopo l\u2019attacco del maestro al programma musicale della citt\u00e0 del muretto, l\u2019assessore Zioni aveva replicato sottolineando la latitanza dell&#8217;artista nonostante le sue innumerevoli richieste di incontro. \u201cIl Comune di Alassio ha sempre demandato ogni tipo di contatti in ambito musicale all&#8217;Associazione [&hellip;]<\/p>\n","protected":false},"author":13744,"featured_media":0,"comment_status":"open","ping_status":"closed","sticky":false,"template":"","format":"standard","meta":{"footnotes":""},"categories":[31],"tags":[85824,23780,12597,85831,107],"class_list":["post-128579","post","type-post","status-publish","format-standard","hentry","category-politica","tag-alassio","tag-andrea-elena","tag-monica-zioni","tag-politica","tag-turismo","post_cat_citta-alassio"],"amp_validity":null,"amp_enabled":true,"_links":{"self":[{"href":"https:\/\/staging.ivg.it\/ediapi\/wp\/v2\/posts\/128579","targetHints":{"allow":["GET"]}}],"collection":[{"href":"https:\/\/staging.ivg.it\/ediapi\/wp\/v2\/posts"}],"about":[{"href":"https:\/\/staging.ivg.it\/ediapi\/wp\/v2\/types\/post"}],"author":[{"embeddable":true,"href":"https:\/\/staging.ivg.it\/ediapi\/wp\/v2\/users\/13744"}],"replies":[{"embeddable":true,"href":"https:\/\/staging.ivg.it\/ediapi\/wp\/v2\/comments?post=128579"}],"version-history":[{"count":0,"href":"https:\/\/staging.ivg.it\/ediapi\/wp\/v2\/posts\/128579\/revisions"}],"wp:attachment":[{"href":"https:\/\/staging.ivg.it\/ediapi\/wp\/v2\/media?parent=128579"}],"wp:term":[{"taxonomy":"category","embeddable":true,"href":"https:\/\/staging.ivg.it\/ediapi\/wp\/v2\/categories?post=128579"},{"taxonomy":"post_tag","embeddable":true,"href":"https:\/\/staging.ivg.it\/ediapi\/wp\/v2\/tags?post=128579"}],"curies":[{"name":"wp","href":"https:\/\/api.w.org\/{rel}","templated":true}]}}