{"id":128556,"date":"2011-01-04T15:04:02","date_gmt":"2011-01-04T14:04:02","guid":{"rendered":"http:\/\/www.ivg.it\/?p=128556"},"modified":"2011-01-04T18:32:09","modified_gmt":"2011-01-04T17:32:09","slug":"frana-murialdo-assessore-guarnieri","status":"publish","type":"post","link":"https:\/\/staging.ivg.it\/2011\/01\/frana-murialdo-assessore-guarnieri\/","title":{"rendered":"Frana di Murialdo, Guarnieri: \u201cRiassestare la Provinciale entro il 2011 sarebbe un miracolo\u201d"},"content":{"rendered":"<p><strong>Murialdo<\/strong>. L&#8217;assessore provinciale Rosy Guarnieri traccia le prime prospettive per dare una risposta ai disagi creati dalla frana di Murialdo, in localit\u00e0 Isolagrande: &#8220;La soluzione della passerella pedonale deve essere per occasioni sporadiche. Concentrare qui il passaggio di quasi 50 studenti creerebbe grossi problemi. Il punto di collocazione del ponte militare, inoltre, deve essere previsto in un&#8217;area pi\u00f9 vicina con l&#8217;intersezione della strada provinciale&#8221;.<\/p>\n<p>&#8220;Ci sono problemi di pendenza &#8211; aggiunge Rosy Guarnieri &#8211; Creare un\u2019uscita dalla strada provinciale che si immetta sul ponte militare e creare una strada che sia sicura per riportarsi sulla S.P. non \u00e8 un lavoro facile. Ma le soluzioni pi\u00f9 facili non sono sempre le pi\u00f9 sicure. Svolgeremo tutte le dovute valutazioni a livello progettuale e finanziario&#8221;.<\/p>\n<p>Le cifre in ballo sono alte. Se per la viabilit\u00e0 d&#8217;emergenza potrebbero bastare 500 mila euro, per la messa in sicurezza della Provinciale si parla di non meno di 2 milioni di euro. Cos\u00ec l&#8217;assessore provinciale Guarnieri: &#8220;Se il costo per la viabilit\u00e0 alternativa \u00e8 di 500 mila euro, credo che la popolazione meriti una risposta immediata. Per il riprestino della Provinciale 51, considerati i costi elevati, bisogner\u00e0 attendere tempi lunghi, sia per reperire la somma sia per la progettualit\u00e0, poich\u00e9 il franamento \u00e8 ancora in atto e bisogna aspettare l\u2019assestamento del territorio, curarne la messa in sicurezza&#8221;.<\/p>\n<p>&#8220;Inoltre &#8211; conclude Rosy Guarnieri &#8211; occorre liberare la strada e il torrente e ricreare il muro di sostegno, in quanto il peso della frana mette in evidenza un cedimento del muro di sostegno. Ci\u00f2 potrebbe avvenire nel 2011, ma solo per un miracolo finanziario&#8221;.<\/p>\n","protected":false},"excerpt":{"rendered":"<p>Murialdo. L&#8217;assessore provinciale Rosy Guarnieri traccia le prime prospettive per dare una risposta ai disagi creati dalla frana di Murialdo, in localit\u00e0 Isolagrande: &#8220;La soluzione della passerella pedonale deve essere per occasioni sporadiche. Concentrare qui il passaggio di quasi 50 studenti creerebbe grossi problemi. Il punto di collocazione del ponte militare, inoltre, deve essere previsto [&hellip;]<\/p>\n","protected":false},"author":5,"featured_media":0,"comment_status":"open","ping_status":"closed","sticky":false,"template":"","format":"standard","meta":{"footnotes":""},"categories":[34,31],"tags":[2838,85921,375,6607,108],"class_list":["post-128556","post","type-post","status-publish","format-standard","hentry","category-cronaca","category-politica","tag-frana","tag-murialdo","tag-provincia","tag-rosy-guarnieri","tag-viabilita","post_cat_citta-murialdo"],"amp_validity":null,"amp_enabled":true,"_links":{"self":[{"href":"https:\/\/staging.ivg.it\/ediapi\/wp\/v2\/posts\/128556","targetHints":{"allow":["GET"]}}],"collection":[{"href":"https:\/\/staging.ivg.it\/ediapi\/wp\/v2\/posts"}],"about":[{"href":"https:\/\/staging.ivg.it\/ediapi\/wp\/v2\/types\/post"}],"author":[{"embeddable":true,"href":"https:\/\/staging.ivg.it\/ediapi\/wp\/v2\/users\/5"}],"replies":[{"embeddable":true,"href":"https:\/\/staging.ivg.it\/ediapi\/wp\/v2\/comments?post=128556"}],"version-history":[{"count":0,"href":"https:\/\/staging.ivg.it\/ediapi\/wp\/v2\/posts\/128556\/revisions"}],"wp:attachment":[{"href":"https:\/\/staging.ivg.it\/ediapi\/wp\/v2\/media?parent=128556"}],"wp:term":[{"taxonomy":"category","embeddable":true,"href":"https:\/\/staging.ivg.it\/ediapi\/wp\/v2\/categories?post=128556"},{"taxonomy":"post_tag","embeddable":true,"href":"https:\/\/staging.ivg.it\/ediapi\/wp\/v2\/tags?post=128556"}],"curies":[{"name":"wp","href":"https:\/\/api.w.org\/{rel}","templated":true}]}}