{"id":128428,"date":"2011-01-04T10:11:58","date_gmt":"2011-01-04T09:11:58","guid":{"rendered":"http:\/\/www.ivg.it\/?p=128428"},"modified":"2011-01-04T14:25:07","modified_gmt":"2011-01-04T13:25:07","slug":"eclissi-di-sole-oscurata-dalle-nuvole-delusione-tra-i-lettori-di-ivg-it","status":"publish","type":"post","link":"https:\/\/staging.ivg.it\/2011\/01\/eclissi-di-sole-oscurata-dalle-nuvole-delusione-tra-i-lettori-di-ivg-it\/","title":{"rendered":"Eclissi di sole \u201coscurata\u201d dalle nuvole, delusione tra i lettori di IVG.it"},"content":{"rendered":"<p><strong>Savona.<\/strong> &#8220;Una bella esclissi di nuvole&#8221;. C&#8217;\u00e8 delusione tra i fan di IVG.it che sulla pagina di Facebook hanno purtroppo commentato la brutta giornata che ha di fatto impedito di vedere l&#8217;eclissi parziale di sole. Le previsioni meteo avevano annunciato cielo sereno nel Savonese rispetto alla nuvolosit\u00e0 prevista su Genova ed il levante ligure, ed invece cielo coperto anche in provincia di Savona, nonostante molti avessero puntato la sveglia per ammirare il raro fenomeno astronomico.<\/p>\n<p>Risultato: l&#8217;eclissi parziale di sole non si \u00e8 quindi potuta vedere. Peccato, perch\u00e8 ora bisogner\u00e0 attendere la prossima del 20 marzo 2015, oppure ancora quella del 2026. Gi\u00e0, ci vorr\u00e0 pazienza&#8230;Solo qualche nostro lettore \u00e8 riuscito a scorgere qualcosa in penombra, ma poca roba rispetto allo spettacolo che in molti speravano di vedere volgendo gli occhi al cielo.<\/p>\n<p>Lavoro pi\u00f9 difficile anche per il Gruppo Astrofili savonese che, partito ieri pomeriggio per il rifugio Pian delle Bosse, ha svolto la sua attivit\u00e0 di osservazione al telescopio: &#8220;Peccato per le nuvole, inaspettate rispetto alle previsioni diffuse nella giornata di ieri, tuttavia siamo riusciti a vedere il fenomeno nel suo stadio iniziale, con il sorgere del sole, ma solo all&#8217;orizzonte sul mare&#8221;. Gli astrofili elaboreranno le risultanze dell&#8217;osservazione svolta con il telescopio e presenteranno l&#8217;andamento del fenomeno nei prossimi giorni.<\/p>\n<p>Ecco alcuni dei post lasciati sulla pagine Facebook del nostro quotidiano on line: &#8220;Gi\u00e0&#8230;forse la sensazione \u00e9 stata che fosse comunque tutto pi\u00f9 in penombra ma nulla pi\u00f9&#8230;&#8221; e ancora&#8230;: &#8220;Sono salita fino sul tetto per vederla, ma uno strato spessissimo di nuvole soffoca il cielo&#8230;Che sfortuna!&#8221;; &#8220;Unica sensazione \u00e8 pi\u00f9 buio del solito, il mio cane \u00e8 piu&#8217; agitato! Sar\u00e0 l&#8217;eclissi?&#8230;&#8221; commenta ironicamente una lettrice.<\/p>\n","protected":false},"excerpt":{"rendered":"<p>Savona. &#8220;Una bella esclissi di nuvole&#8221;. C&#8217;\u00e8 delusione tra i fan di IVG.it che sulla pagina di Facebook hanno purtroppo commentato la brutta giornata che ha di fatto impedito di vedere l&#8217;eclissi parziale di sole. Le previsioni meteo avevano annunciato cielo sereno nel Savonese rispetto alla nuvolosit\u00e0 prevista su Genova ed il levante ligure, ed [&hellip;]<\/p>\n","protected":false},"author":4,"featured_media":0,"comment_status":"open","ping_status":"closed","sticky":false,"template":"","format":"standard","meta":{"footnotes":""},"categories":[],"tags":[1365,12164,30178],"class_list":["post-128428","post","type-post","status-publish","format-standard","hentry","tag-facebook","tag-gruppo-astrofili-orione","tag-nuvole","post_cat_citta-andora","post_cat_citta-savona"],"amp_validity":null,"amp_enabled":true,"_links":{"self":[{"href":"https:\/\/staging.ivg.it\/ediapi\/wp\/v2\/posts\/128428","targetHints":{"allow":["GET"]}}],"collection":[{"href":"https:\/\/staging.ivg.it\/ediapi\/wp\/v2\/posts"}],"about":[{"href":"https:\/\/staging.ivg.it\/ediapi\/wp\/v2\/types\/post"}],"author":[{"embeddable":true,"href":"https:\/\/staging.ivg.it\/ediapi\/wp\/v2\/users\/4"}],"replies":[{"embeddable":true,"href":"https:\/\/staging.ivg.it\/ediapi\/wp\/v2\/comments?post=128428"}],"version-history":[{"count":0,"href":"https:\/\/staging.ivg.it\/ediapi\/wp\/v2\/posts\/128428\/revisions"}],"wp:attachment":[{"href":"https:\/\/staging.ivg.it\/ediapi\/wp\/v2\/media?parent=128428"}],"wp:term":[{"taxonomy":"category","embeddable":true,"href":"https:\/\/staging.ivg.it\/ediapi\/wp\/v2\/categories?post=128428"},{"taxonomy":"post_tag","embeddable":true,"href":"https:\/\/staging.ivg.it\/ediapi\/wp\/v2\/tags?post=128428"}],"curies":[{"name":"wp","href":"https:\/\/api.w.org\/{rel}","templated":true}]}}