{"id":128189,"date":"2011-01-03T12:03:27","date_gmt":"2011-01-03T11:03:27","guid":{"rendered":"http:\/\/www.ivg.it\/?p=128189"},"modified":"2011-01-03T17:22:42","modified_gmt":"2011-01-03T16:22:42","slug":"caritas-un-concorso-per-presepi-riciclati","status":"publish","type":"post","link":"https:\/\/staging.ivg.it\/2011\/01\/caritas-un-concorso-per-presepi-riciclati\/","title":{"rendered":"Caritas, un concorso per presepi \u201criciclati\u201d"},"content":{"rendered":"<p><strong>Savona<\/strong>. C\u2019\u00e8 ancora tempo due giorni per partecipare al concorso diocesano lanciato dalla Caritas per il Natale, dal titolo &#8220;Ricicla il presepe\u201d.<\/p>\n<p>\u201cPossono essere ammessi al concorso solo i presepi costruiti con materiali riciclati. La sobriet\u00e0 cos\u00ec diventer\u00e0 ancora pi\u00f9 visibile nelle nostre comunit\u00e0\u201d, spiegano in Caritas. La richiesta \u00e8 di fotografare il presepe e di inviare al massimo cinque foto via email alla Caritas diocesana all&#8217;indirizzo segreteria@caritas.savona.it.<\/p>\n<p>Se le immagini contengono visi di bambini, serve il consenso scritto dei genitori che verr\u00e0 richiesto dalla Caritas, perch\u00e9 le foto di tutti i presepi saranno presentate sul sito internet www.caritas.savona.it. Ogni email da inviare non deve superare i 6 Mega.<\/p>\n<p>Quindi si possono inviare pi\u00f9 email per lo stesso presepe. Una commissione giudicher\u00e0 i lavori e, se ritenuto opportuno, chieder\u00e0 di visionarli. Il vincitore avr\u00e0 un cesto di prodotti del commercio equo e solidale e altri premi a sorpresa. Il termine ultimo per l&#8217;invio delle foto \u00e8 mercoled\u00ec 5 gennaio. Specificare nella email il nome del gruppo, il nome e cognome del responsabile del gruppo e suo riferimento telefonico.<\/p>\n","protected":false},"excerpt":{"rendered":"<p>Savona. C\u2019\u00e8 ancora tempo due giorni per partecipare al concorso diocesano lanciato dalla Caritas per il Natale, dal titolo &#8220;Ricicla il presepe\u201d. \u201cPossono essere ammessi al concorso solo i presepi costruiti con materiali riciclati. La sobriet\u00e0 cos\u00ec diventer\u00e0 ancora pi\u00f9 visibile nelle nostre comunit\u00e0\u201d, spiegano in Caritas. La richiesta \u00e8 di fotografare il presepe e [&hellip;]<\/p>\n","protected":false},"author":13744,"featured_media":0,"comment_status":"open","ping_status":"closed","sticky":false,"template":"","format":"standard","meta":{"footnotes":""},"categories":[],"tags":[1078,862,503,5117,6463],"class_list":["post-128189","post","type-post","status-publish","format-standard","hentry","tag-caritas","tag-concorso","tag-materiali","tag-presepi","tag-riciclo","post_cat_citta-savona"],"amp_validity":null,"amp_enabled":true,"_links":{"self":[{"href":"https:\/\/staging.ivg.it\/ediapi\/wp\/v2\/posts\/128189","targetHints":{"allow":["GET"]}}],"collection":[{"href":"https:\/\/staging.ivg.it\/ediapi\/wp\/v2\/posts"}],"about":[{"href":"https:\/\/staging.ivg.it\/ediapi\/wp\/v2\/types\/post"}],"author":[{"embeddable":true,"href":"https:\/\/staging.ivg.it\/ediapi\/wp\/v2\/users\/13744"}],"replies":[{"embeddable":true,"href":"https:\/\/staging.ivg.it\/ediapi\/wp\/v2\/comments?post=128189"}],"version-history":[{"count":0,"href":"https:\/\/staging.ivg.it\/ediapi\/wp\/v2\/posts\/128189\/revisions"}],"wp:attachment":[{"href":"https:\/\/staging.ivg.it\/ediapi\/wp\/v2\/media?parent=128189"}],"wp:term":[{"taxonomy":"category","embeddable":true,"href":"https:\/\/staging.ivg.it\/ediapi\/wp\/v2\/categories?post=128189"},{"taxonomy":"post_tag","embeddable":true,"href":"https:\/\/staging.ivg.it\/ediapi\/wp\/v2\/tags?post=128189"}],"curies":[{"name":"wp","href":"https:\/\/api.w.org\/{rel}","templated":true}]}}