{"id":128149,"date":"2011-01-03T10:28:09","date_gmt":"2011-01-03T09:28:09","guid":{"rendered":"http:\/\/www.ivg.it\/?p=128149"},"modified":"2011-01-03T17:23:08","modified_gmt":"2011-01-03T16:23:08","slug":"sondaggio-ivg-it-sulla-rivoluzione-della-viabilita-di-albenga-lettori-spaccati-a-meta","status":"publish","type":"post","link":"https:\/\/staging.ivg.it\/2011\/01\/sondaggio-ivg-it-sulla-rivoluzione-della-viabilita-di-albenga-lettori-spaccati-a-meta\/","title":{"rendered":"Sondaggio IVG.it sulla \u201crivoluzione\u201d della viabilit\u00e0 di Albenga: lettori spaccati a met\u00e0"},"content":{"rendered":"<p><strong>Albenga<\/strong>. La &#8220;rivoluzione della viabilit\u00e0&#8221; voluta dall&#8217;amministrazione comunale di Albenga, che nelle scorse settimane aveva gi\u00e0 fatto scoppiare non poche polemiche in citt\u00e0, &#8220;spacca&#8221; in due anche i lettori di IVG.IT. Dai risultati del sondaggio lanciato sulle pagine del nostro quotidiano emerge infatti che il 38% \u00e8 contrario e il 36% \u00e8 favorevole, mentre circa un lettore su 3 ritiene che sia ancora troppo presto per valutare gli interventi sulla viabilit\u00e0 (26%).<\/p>\n<p>Tra gli interventi pi\u00f9 criticati, soprattutto dall&#8217;opposizione consiliare, l&#8217;intervento per l\u2019apertura a doppio senso di circolazione di Viale Martiri della Foce. Hanno comunque fatto discutere anche le modificazioni della circolazione in via al Piemonte e, in generale, le numerose inversioni di sensi unici nelle vie cittadine. La &#8220;guerra&#8221; della viabilit\u00e0 ha portato anche il Pd ingauno a chiedere a gran voce le dimissioni dell\u2019Assessore alla Viabilit\u00e0 Diego Distilo.<\/p>\n","protected":false},"excerpt":{"rendered":"<p>Albenga. La &#8220;rivoluzione della viabilit\u00e0&#8221; voluta dall&#8217;amministrazione comunale di Albenga, che nelle scorse settimane aveva gi\u00e0 fatto scoppiare non poche polemiche in citt\u00e0, &#8220;spacca&#8221; in due anche i lettori di IVG.IT. Dai risultati del sondaggio lanciato sulle pagine del nostro quotidiano emerge infatti che il 38% \u00e8 contrario e il 36% \u00e8 favorevole, mentre circa [&hellip;]<\/p>\n","protected":false},"author":13744,"featured_media":0,"comment_status":"open","ping_status":"closed","sticky":false,"template":"","format":"standard","meta":{"footnotes":""},"categories":[34],"tags":[85841,3433,4356,108],"class_list":["post-128149","post","type-post","status-publish","format-standard","hentry","category-cronaca","tag-albenga","tag-ivgit","tag-sondaggio","tag-viabilita","post_cat_citta-albenga"],"amp_validity":null,"amp_enabled":true,"_links":{"self":[{"href":"https:\/\/staging.ivg.it\/ediapi\/wp\/v2\/posts\/128149","targetHints":{"allow":["GET"]}}],"collection":[{"href":"https:\/\/staging.ivg.it\/ediapi\/wp\/v2\/posts"}],"about":[{"href":"https:\/\/staging.ivg.it\/ediapi\/wp\/v2\/types\/post"}],"author":[{"embeddable":true,"href":"https:\/\/staging.ivg.it\/ediapi\/wp\/v2\/users\/13744"}],"replies":[{"embeddable":true,"href":"https:\/\/staging.ivg.it\/ediapi\/wp\/v2\/comments?post=128149"}],"version-history":[{"count":0,"href":"https:\/\/staging.ivg.it\/ediapi\/wp\/v2\/posts\/128149\/revisions"}],"wp:attachment":[{"href":"https:\/\/staging.ivg.it\/ediapi\/wp\/v2\/media?parent=128149"}],"wp:term":[{"taxonomy":"category","embeddable":true,"href":"https:\/\/staging.ivg.it\/ediapi\/wp\/v2\/categories?post=128149"},{"taxonomy":"post_tag","embeddable":true,"href":"https:\/\/staging.ivg.it\/ediapi\/wp\/v2\/tags?post=128149"}],"curies":[{"name":"wp","href":"https:\/\/api.w.org\/{rel}","templated":true}]}}