{"id":127449,"date":"2010-12-29T16:58:55","date_gmt":"2010-12-29T15:58:55","guid":{"rendered":"http:\/\/www.ivg.it\/?p=127449"},"modified":"2010-12-29T16:58:55","modified_gmt":"2010-12-29T15:58:55","slug":"centri-sociali-burlando-%e2%80%9cluoghi-di-cultura-e-aggregazione-continueremo-a-finanziarli%e2%80%9d","status":"publish","type":"post","link":"https:\/\/staging.ivg.it\/2010\/12\/centri-sociali-burlando-%e2%80%9cluoghi-di-cultura-e-aggregazione-continueremo-a-finanziarli%e2%80%9d\/","title":{"rendered":"Centri sociali, Burlando: \u201cLuoghi di cultura e aggregazione, continueremo a finanziarli\u201d"},"content":{"rendered":"<p><strong>Regione<\/strong>.\u00a0Il Presidente della Regione Liguria Claudio Burlando si \u00e8 espresso in merito alla polemica sui finanziamenti ai centri sociali scaturita dall\u2019ultimo consiglio regionale: \u201cIn passato abbiamo gi\u00e0 dato contributi ad alcuni centri sociali, realt\u00e0 che funzionano bene come centri di aggregazione. Non si pu\u00f2 certo dire che finanziamo attivit\u00e0 illecite e violente ma chi fa aggregazione e cultura.\u201d<\/p>\n<p>\u201cSe potremo \u2013 ha aggiunto \u2013 in futuro continueremo con questo genere di aiuti. Come continueremo ad aiutare gli oratori che fino al 2009 hanno avuto 2 milioni di euro in conto capitale e nel 2010 600 mila euro in valuta corrente.\u201d<\/p>\n","protected":false},"excerpt":{"rendered":"<p>Regione.\u00a0Il Presidente della Regione Liguria Claudio Burlando si \u00e8 espresso in merito alla polemica sui finanziamenti ai centri sociali scaturita dall\u2019ultimo consiglio regionale: \u201cIn passato abbiamo gi\u00e0 dato contributi ad alcuni centri sociali, realt\u00e0 che funzionano bene come centri di aggregazione. Non si pu\u00f2 certo dire che finanziamo attivit\u00e0 illecite e violente ma chi fa [&hellip;]<\/p>\n","protected":false},"author":13744,"featured_media":0,"comment_status":"open","ping_status":"closed","sticky":false,"template":"","format":"standard","meta":{"footnotes":""},"categories":[],"tags":[284,1444,737,223],"class_list":["post-127449","post","type-post","status-publish","format-standard","hentry","tag-claudio-burlando","tag-finanziamenti","tag-genova","tag-regione-liguria","post_cat_citta-andora"],"amp_validity":null,"amp_enabled":true,"_links":{"self":[{"href":"https:\/\/staging.ivg.it\/ediapi\/wp\/v2\/posts\/127449","targetHints":{"allow":["GET"]}}],"collection":[{"href":"https:\/\/staging.ivg.it\/ediapi\/wp\/v2\/posts"}],"about":[{"href":"https:\/\/staging.ivg.it\/ediapi\/wp\/v2\/types\/post"}],"author":[{"embeddable":true,"href":"https:\/\/staging.ivg.it\/ediapi\/wp\/v2\/users\/13744"}],"replies":[{"embeddable":true,"href":"https:\/\/staging.ivg.it\/ediapi\/wp\/v2\/comments?post=127449"}],"version-history":[{"count":0,"href":"https:\/\/staging.ivg.it\/ediapi\/wp\/v2\/posts\/127449\/revisions"}],"wp:attachment":[{"href":"https:\/\/staging.ivg.it\/ediapi\/wp\/v2\/media?parent=127449"}],"wp:term":[{"taxonomy":"category","embeddable":true,"href":"https:\/\/staging.ivg.it\/ediapi\/wp\/v2\/categories?post=127449"},{"taxonomy":"post_tag","embeddable":true,"href":"https:\/\/staging.ivg.it\/ediapi\/wp\/v2\/tags?post=127449"}],"curies":[{"name":"wp","href":"https:\/\/api.w.org\/{rel}","templated":true}]}}