{"id":127300,"date":"2010-12-29T11:47:41","date_gmt":"2010-12-29T10:47:41","guid":{"rendered":"http:\/\/www.ivg.it\/?p=127300"},"modified":"2011-01-03T17:26:28","modified_gmt":"2011-01-03T16:26:28","slug":"albisola-maria-rossi-festeggia-i-100-anni","status":"publish","type":"post","link":"https:\/\/staging.ivg.it\/2010\/12\/albisola-maria-rossi-festeggia-i-100-anni\/","title":{"rendered":"Albisola, Maria Rossi festeggia i 100 anni"},"content":{"rendered":"<p>Taglia oggi, mercoled\u00ec 29 dicembre, il traguardo dei 100 anni di et\u00e0 Maria Rossi, vedova di Giuseppe Pesce.<\/p>\n<p>La signora Rossi, ospite da anni della Residenza protetta &#8220;SS. Nicol\u00f2 e Giuseppe&#8221; ad Albisola Superiore, sar\u00e0 festeggiata nella struttura comunale dall&#8217;amministrazione e dai parenti.<\/p>\n","protected":false},"excerpt":{"rendered":"<p>Taglia oggi, mercoled\u00ec 29 dicembre, il traguardo dei 100 anni di et\u00e0 Maria Rossi, vedova di Giuseppe Pesce. La signora Rossi, ospite da anni della Residenza protetta &#8220;SS. Nicol\u00f2 e Giuseppe&#8221; ad Albisola Superiore, sar\u00e0 festeggiata nella struttura comunale dall&#8217;amministrazione e dai parenti.<\/p>\n","protected":false},"author":13744,"featured_media":0,"comment_status":"open","ping_status":"closed","sticky":false,"template":"","format":"standard","meta":{"footnotes":""},"categories":[119],"tags":[85975],"class_list":["post-127300","post","type-post","status-publish","format-standard","hentry","category-fotonotizia","tag-fotonotizia"],"amp_validity":null,"amp_enabled":true,"_links":{"self":[{"href":"https:\/\/staging.ivg.it\/ediapi\/wp\/v2\/posts\/127300","targetHints":{"allow":["GET"]}}],"collection":[{"href":"https:\/\/staging.ivg.it\/ediapi\/wp\/v2\/posts"}],"about":[{"href":"https:\/\/staging.ivg.it\/ediapi\/wp\/v2\/types\/post"}],"author":[{"embeddable":true,"href":"https:\/\/staging.ivg.it\/ediapi\/wp\/v2\/users\/13744"}],"replies":[{"embeddable":true,"href":"https:\/\/staging.ivg.it\/ediapi\/wp\/v2\/comments?post=127300"}],"version-history":[{"count":0,"href":"https:\/\/staging.ivg.it\/ediapi\/wp\/v2\/posts\/127300\/revisions"}],"wp:attachment":[{"href":"https:\/\/staging.ivg.it\/ediapi\/wp\/v2\/media?parent=127300"}],"wp:term":[{"taxonomy":"category","embeddable":true,"href":"https:\/\/staging.ivg.it\/ediapi\/wp\/v2\/categories?post=127300"},{"taxonomy":"post_tag","embeddable":true,"href":"https:\/\/staging.ivg.it\/ediapi\/wp\/v2\/tags?post=127300"}],"curies":[{"name":"wp","href":"https:\/\/api.w.org\/{rel}","templated":true}]}}