{"id":127290,"date":"2010-12-29T11:30:45","date_gmt":"2010-12-29T10:30:45","guid":{"rendered":"http:\/\/www.ivg.it\/?p=127290"},"modified":"2011-01-03T17:26:38","modified_gmt":"2011-01-03T16:26:38","slug":"albisola-consegna-donazione-alla-residenza-protetta-comunale","status":"publish","type":"post","link":"https:\/\/staging.ivg.it\/2010\/12\/albisola-consegna-donazione-alla-residenza-protetta-comunale\/","title":{"rendered":"Albisola, consegna donazione alla Residenza protetta comunale"},"content":{"rendered":"<p><strong>Albisola Superiore<\/strong>. Domani, gioved\u00ec 30 dicembre, alle ore 11, nella Sala Giunta del Comune di Albisola Superiore, avr\u00e0 luogo la consegna di una donazione alla Residenza protetta &#8220;SS. Nicol\u00f2 e Giuseppe&#8221;.<\/p>\n<p>Saranno presenti il sindaco Franco Orsi e l&#8217;assessore ai Servizi sociali Roberto Gambetta.<\/p>\n","protected":false},"excerpt":{"rendered":"<p>Albisola Superiore. Domani, gioved\u00ec 30 dicembre, alle ore 11, nella Sala Giunta del Comune di Albisola Superiore, avr\u00e0 luogo la consegna di una donazione alla Residenza protetta &#8220;SS. Nicol\u00f2 e Giuseppe&#8221;. Saranno presenti il sindaco Franco Orsi e l&#8217;assessore ai Servizi sociali Roberto Gambetta.<\/p>\n","protected":false},"author":13744,"featured_media":0,"comment_status":"open","ping_status":"closed","sticky":false,"template":"","format":"standard","meta":{"footnotes":""},"categories":[],"tags":[86016,2639,24466],"class_list":["post-127290","post","type-post","status-publish","format-standard","hentry","tag-albisola-superiore","tag-donazione","tag-residenza-protetta","post_cat_citta-albisola-superiore"],"amp_validity":null,"amp_enabled":true,"_links":{"self":[{"href":"https:\/\/staging.ivg.it\/ediapi\/wp\/v2\/posts\/127290","targetHints":{"allow":["GET"]}}],"collection":[{"href":"https:\/\/staging.ivg.it\/ediapi\/wp\/v2\/posts"}],"about":[{"href":"https:\/\/staging.ivg.it\/ediapi\/wp\/v2\/types\/post"}],"author":[{"embeddable":true,"href":"https:\/\/staging.ivg.it\/ediapi\/wp\/v2\/users\/13744"}],"replies":[{"embeddable":true,"href":"https:\/\/staging.ivg.it\/ediapi\/wp\/v2\/comments?post=127290"}],"version-history":[{"count":0,"href":"https:\/\/staging.ivg.it\/ediapi\/wp\/v2\/posts\/127290\/revisions"}],"wp:attachment":[{"href":"https:\/\/staging.ivg.it\/ediapi\/wp\/v2\/media?parent=127290"}],"wp:term":[{"taxonomy":"category","embeddable":true,"href":"https:\/\/staging.ivg.it\/ediapi\/wp\/v2\/categories?post=127290"},{"taxonomy":"post_tag","embeddable":true,"href":"https:\/\/staging.ivg.it\/ediapi\/wp\/v2\/tags?post=127290"}],"curies":[{"name":"wp","href":"https:\/\/api.w.org\/{rel}","templated":true}]}}