{"id":127263,"date":"2010-12-29T10:32:48","date_gmt":"2010-12-29T09:32:48","guid":{"rendered":"http:\/\/www.ivg.it\/?p=127263"},"modified":"2010-12-29T15:18:03","modified_gmt":"2010-12-29T14:18:03","slug":"savona-tpl-linea-a-capodanno-e-allepifania-in-vigore-lorario-ridotto","status":"publish","type":"post","link":"https:\/\/staging.ivg.it\/2010\/12\/savona-tpl-linea-a-capodanno-e-allepifania-in-vigore-lorario-ridotto\/","title":{"rendered":"Savona, Tpl Linea: a Capodanno e all\u2019Epifania in vigore l\u2019orario ridotto"},"content":{"rendered":"<p><strong>Savona<\/strong>. Tpl linea informa l&#8217;utenza che, in occasione delle festivit\u00e0 di Capodanno (1 gennaio 2011) ed Epifania (6 gennaio 2011), verranno effettuati solo i servizi ridotti. Tutti gli orari sono stati affissi sugli autobus e alle paline. Sono, inoltre, a disposizione sul sito www.tpllinea.it, elencati nel riquadro\u00a0presente in home page, cliccando sulla scritta &#8220;orario ridotto&#8221;.<\/p>\n<p>Per ulteriori informazioni sui servizi TPL \u00e8 possibile contattare il numero 800 012727 (attivo nei giorni feriali dal luned\u00ec al venerd\u00ec dalle ore 7.15 alle ore 19.00; il sabato dalle 7.15 alle 13.00).<\/p>\n","protected":false},"excerpt":{"rendered":"<p>Savona. Tpl linea informa l&#8217;utenza che, in occasione delle festivit\u00e0 di Capodanno (1 gennaio 2011) ed Epifania (6 gennaio 2011), verranno effettuati solo i servizi ridotti. Tutti gli orari sono stati affissi sugli autobus e alle paline. Sono, inoltre, a disposizione sul sito www.tpllinea.it, elencati nel riquadro\u00a0presente in home page, cliccando sulla scritta &#8220;orario ridotto&#8221;. [&hellip;]<\/p>\n","protected":false},"author":13744,"featured_media":0,"comment_status":"open","ping_status":"closed","sticky":false,"template":"","format":"standard","meta":{"footnotes":""},"categories":[56],"tags":[593,8622,85850,15271],"class_list":["post-127263","post","type-post","status-publish","format-standard","hentry","category-altre","tag-bus","tag-orario","tag-savona","tag-tpl-linea","post_cat_citta-savona"],"amp_validity":null,"amp_enabled":true,"_links":{"self":[{"href":"https:\/\/staging.ivg.it\/ediapi\/wp\/v2\/posts\/127263","targetHints":{"allow":["GET"]}}],"collection":[{"href":"https:\/\/staging.ivg.it\/ediapi\/wp\/v2\/posts"}],"about":[{"href":"https:\/\/staging.ivg.it\/ediapi\/wp\/v2\/types\/post"}],"author":[{"embeddable":true,"href":"https:\/\/staging.ivg.it\/ediapi\/wp\/v2\/users\/13744"}],"replies":[{"embeddable":true,"href":"https:\/\/staging.ivg.it\/ediapi\/wp\/v2\/comments?post=127263"}],"version-history":[{"count":0,"href":"https:\/\/staging.ivg.it\/ediapi\/wp\/v2\/posts\/127263\/revisions"}],"wp:attachment":[{"href":"https:\/\/staging.ivg.it\/ediapi\/wp\/v2\/media?parent=127263"}],"wp:term":[{"taxonomy":"category","embeddable":true,"href":"https:\/\/staging.ivg.it\/ediapi\/wp\/v2\/categories?post=127263"},{"taxonomy":"post_tag","embeddable":true,"href":"https:\/\/staging.ivg.it\/ediapi\/wp\/v2\/tags?post=127263"}],"curies":[{"name":"wp","href":"https:\/\/api.w.org\/{rel}","templated":true}]}}