{"id":126606,"date":"2010-12-23T17:38:27","date_gmt":"2010-12-23T16:38:27","guid":{"rendered":"http:\/\/www.ivg.it\/?p=126606"},"modified":"2010-12-23T17:39:56","modified_gmt":"2010-12-23T16:39:56","slug":"calcio-promozione-e-prima-categoria-le-decisioni-del-giudice-sportivo-2","status":"publish","type":"post","link":"https:\/\/staging.ivg.it\/2010\/12\/calcio-promozione-e-prima-categoria-le-decisioni-del-giudice-sportivo-2\/","title":{"rendered":"Calcio, Promozione e Prima Categoria: le decisioni del giudice sportivo"},"content":{"rendered":"<p><strong>Finale Ligure<\/strong>. Si disputeranno gioved\u00ec 6 gennaio alle ore 14,30 i recuperi del girone A di Promozione. Si tratta di Bolzanetese Virtus &#8211; Carcarese, Praese &#8211; Argentina, Serrra Ricc\u00f2 &#8211; Virtusestri, Voltrese Vultur &#8211; Varazze Don Bosco. In contemporanea andr\u00e0 in scena la finale di Coppa Italia tra Finale e Bogliasco D&#8217;Albertis: sar\u00e0 giocata al Gambino di Arenzano.<\/p>\n<p>Per quanto riguarda le squalifiche, una giornata di stop \u00e8 stata inflitta a Edoardo Capra, Davide Sancinito (Finale), Roberto Iannolo, Manuel Scaglione (Imperia). L&#8217;allenatore del San Cipriano, Alessio Balducci, non potr\u00e0 sedere in panchina per una partita.<\/p>\n<p>Il Finale \u00e8 stato multato di 160 euro perch\u00e9 &#8220;dal 20\u00b0 del primo tempo alcuni tifosi della societ\u00e0 insultavano l&#8217;assistente arbitrale con frasi ingiuriose e minacciose&#8221;. Ammenda di 150 euro all&#8217;Imperia perch\u00e9 &#8220;dal 46\u00b0 del secondo tempo alcuni tifosi della societ\u00e0, in campo avverso, insultavano l&#8217;assistente arbitrale con frasi ingiuriose e gravemente minacciose&#8221;.<\/p>\n<p>Nel girone A di Prima Categoria sono 10 i calciatori fermati. Ivan Miatto (Santo Stefano 2005) \u00e8 stato squalificato per due giornate. Un turno di stop a Simone Mara (Albissola), Riccardo Quintavalle (Altarese), Riccardo Berta, Fabio Lupi (Pallare), Matteo Vanzini (Pietra Ligure), Marco Dess\u00ec (Quiliano), Giuseppe Festa (Sant&#8217;Ampelio), Davide Baracco, Alessio Campagnani (Taggia).<\/p>\n","protected":false},"excerpt":{"rendered":"<p>Finale Ligure. Si disputeranno gioved\u00ec 6 gennaio alle ore 14,30 i recuperi del girone A di Promozione. Si tratta di Bolzanetese Virtus &#8211; Carcarese, Praese &#8211; Argentina, Serrra Ricc\u00f2 &#8211; Virtusestri, Voltrese Vultur &#8211; Varazze Don Bosco. In contemporanea andr\u00e0 in scena la finale di Coppa Italia tra Finale e Bogliasco D&#8217;Albertis: sar\u00e0 giocata al [&hellip;]<\/p>\n","protected":false},"author":18,"featured_media":0,"comment_status":"open","ping_status":"closed","sticky":false,"template":"","format":"standard","meta":{"footnotes":""},"categories":[32],"tags":[85989,719,570,5001,16680],"class_list":["post-126606","post","type-post","status-publish","format-standard","hentry","category-sport","tag-calcio","tag-prima-categoria","tag-promozione","tag-recuperi","tag-squalificati","post_cat_citta-albissola-marina","post_cat_citta-altare","post_cat_citta-carcare","post_cat_citta-finale-ligure","post_cat_citta-pallare","post_cat_citta-pietra-ligure","post_cat_citta-quiliano","post_cat_citta-varazze"],"amp_validity":null,"amp_enabled":true,"_links":{"self":[{"href":"https:\/\/staging.ivg.it\/ediapi\/wp\/v2\/posts\/126606","targetHints":{"allow":["GET"]}}],"collection":[{"href":"https:\/\/staging.ivg.it\/ediapi\/wp\/v2\/posts"}],"about":[{"href":"https:\/\/staging.ivg.it\/ediapi\/wp\/v2\/types\/post"}],"author":[{"embeddable":true,"href":"https:\/\/staging.ivg.it\/ediapi\/wp\/v2\/users\/18"}],"replies":[{"embeddable":true,"href":"https:\/\/staging.ivg.it\/ediapi\/wp\/v2\/comments?post=126606"}],"version-history":[{"count":0,"href":"https:\/\/staging.ivg.it\/ediapi\/wp\/v2\/posts\/126606\/revisions"}],"wp:attachment":[{"href":"https:\/\/staging.ivg.it\/ediapi\/wp\/v2\/media?parent=126606"}],"wp:term":[{"taxonomy":"category","embeddable":true,"href":"https:\/\/staging.ivg.it\/ediapi\/wp\/v2\/categories?post=126606"},{"taxonomy":"post_tag","embeddable":true,"href":"https:\/\/staging.ivg.it\/ediapi\/wp\/v2\/tags?post=126606"}],"curies":[{"name":"wp","href":"https:\/\/api.w.org\/{rel}","templated":true}]}}