{"id":125583,"date":"2010-12-19T17:19:51","date_gmt":"2010-12-19T16:19:51","guid":{"rendered":"http:\/\/www.ivg.it\/?p=125583"},"modified":"2010-12-19T17:20:41","modified_gmt":"2010-12-19T16:20:41","slug":"giovani-democratici-delle-albisole-%e2%80%9cimportante-mantenere-rapporti-con-la-cittadinanza%e2%80%9d","status":"publish","type":"post","link":"https:\/\/staging.ivg.it\/2010\/12\/giovani-democratici-delle-albisole-%e2%80%9cimportante-mantenere-rapporti-con-la-cittadinanza%e2%80%9d\/","title":{"rendered":"Toso, Gd delle Albisole: \u201cImportante mantenere rapporti con la cittadinanza\u201d"},"content":{"rendered":"<p><strong>Albisola.<\/strong> \u201cNel periodo di Natale dobbiamo ricordare ancora di pi\u00f9 che \u00e8 importante mantenere solidi i rapporti con la cittadinanza: noi dei Giovani Democratici riteniamo, infatti, che i cittadini non sono, solamente, elettori da andare a cercare sotto elezioni bens\u00ec persone con cui confrontarsi sempre anche per migliorare e per capire che cosa si pu\u00f2 proporre per migliorare il nostro paese\u201d scrive Andrea Toso \u2013 Segretario Gd delle Albisole.<\/p>\n<p>\u201cProprio per questo i Giovani Democratici delle Albisole colgono l\u2019occasione delle festivit\u00e0 natalizie per mantenere vivi i contatti con il maggior numero di persone possibili e lo fanno attraverso un calendario di iniziative che puntano su diverse realt\u00e0. Siamo partiti nella giornata di Santa Lucia con la visita alle case di riposo delle Albisole incontrando e intrattenendoci con gli ospiti continueremo in questi giorni con altre iniziative che ci vedranno impegnati in un confronto \u201cinformale\u201d, come richiede il periodo, con le diverse realt\u00e0 locali: dalle comunit\u00e0 dell\u2019entroterra albisolese al mondo del volontariato\u201d prosegue Toso.<\/p>\n<p>\u201cIl nostro comunque non sar\u00e0 un impegno solamente natalizio: riteniamo, infatti, che chi si candida a essere in futuro amministratore della propria citt\u00e0 deve conoscere le diverse realt\u00e0 locali e i diversi problemi annessi, in modo tale da riuscire a migliorare per quanto \u00e8 possibile le condizioni\u201d conclude il Segretario Gd delle Albisole.<\/p>\n","protected":false},"excerpt":{"rendered":"<p>Albisola. \u201cNel periodo di Natale dobbiamo ricordare ancora di pi\u00f9 che \u00e8 importante mantenere solidi i rapporti con la cittadinanza: noi dei Giovani Democratici riteniamo, infatti, che i cittadini non sono, solamente, elettori da andare a cercare sotto elezioni bens\u00ec persone con cui confrontarsi sempre anche per migliorare e per capire che cosa si pu\u00f2 [&hellip;]<\/p>\n","protected":false},"author":13744,"featured_media":0,"comment_status":"open","ping_status":"closed","sticky":false,"template":"","format":"standard","meta":{"footnotes":""},"categories":[31],"tags":[10508,8348,12434,85831],"class_list":["post-125583","post","type-post","status-publish","format-standard","hentry","category-politica","tag-andrea-toso","tag-elettori","tag-giovani-democratici","tag-politica","post_cat_citta-albisola-superiore","post_cat_citta-albissola-marina"],"amp_validity":null,"amp_enabled":true,"_links":{"self":[{"href":"https:\/\/staging.ivg.it\/ediapi\/wp\/v2\/posts\/125583","targetHints":{"allow":["GET"]}}],"collection":[{"href":"https:\/\/staging.ivg.it\/ediapi\/wp\/v2\/posts"}],"about":[{"href":"https:\/\/staging.ivg.it\/ediapi\/wp\/v2\/types\/post"}],"author":[{"embeddable":true,"href":"https:\/\/staging.ivg.it\/ediapi\/wp\/v2\/users\/13744"}],"replies":[{"embeddable":true,"href":"https:\/\/staging.ivg.it\/ediapi\/wp\/v2\/comments?post=125583"}],"version-history":[{"count":0,"href":"https:\/\/staging.ivg.it\/ediapi\/wp\/v2\/posts\/125583\/revisions"}],"wp:attachment":[{"href":"https:\/\/staging.ivg.it\/ediapi\/wp\/v2\/media?parent=125583"}],"wp:term":[{"taxonomy":"category","embeddable":true,"href":"https:\/\/staging.ivg.it\/ediapi\/wp\/v2\/categories?post=125583"},{"taxonomy":"post_tag","embeddable":true,"href":"https:\/\/staging.ivg.it\/ediapi\/wp\/v2\/tags?post=125583"}],"curies":[{"name":"wp","href":"https:\/\/api.w.org\/{rel}","templated":true}]}}