{"id":125385,"date":"2010-12-18T11:01:30","date_gmt":"2010-12-18T10:01:30","guid":{"rendered":"http:\/\/www.ivg.it\/?p=125385"},"modified":"2010-12-18T18:03:09","modified_gmt":"2010-12-18T17:03:09","slug":"savona-pirata-della-strada-sotto-torchio-i-tre-testimoni","status":"publish","type":"post","link":"https:\/\/staging.ivg.it\/2010\/12\/savona-pirata-della-strada-sotto-torchio-i-tre-testimoni\/","title":{"rendered":"Savona, pirata della strada: sotto torchio i tre testimoni"},"content":{"rendered":"<p><strong>Savona. <\/strong>Indagini ad una svolta per risalire al responsabile dell&#8217;investimento mortale nel quale ha perso la vita l&#8217;ex orologiaio savonese Giorgio Frezzati, travolto da un&#8217;auto pirata la sera del 7 dicembre scorso in via Vittorio Veneto, a Savona, alle ore 19 e 30. Un orario nel quale sicuramente qualcuno ha visto la dinamica dell&#8217;incidente, con il 70enne investito mentre stava camminando sul ciglio della strada.<\/p>\n<p>Infatti la polizia stradale che sta conducendo le indagini ha rintracciato i tre testimoni ritenuti decisivi per accertare i fatti, le tre persone che hanno dato l&#8217;allarme dalla cui testimonianze gli investigatori sperano in breve tempo di stringere il cerchio sul conducente della vettura.<\/p>\n<p>Ieri \u00e8 stato sentito uno dei tre testimoni, questa mattina sar\u00e0 la volta del secondo mentre per luned\u00ec \u00e8 previsto il racconto dell&#8217;ultimo test. Massima indiscrezione sugli elementi di novit\u00e0 fino ad ora emersi.<\/p>\n","protected":false},"excerpt":{"rendered":"<p>Savona. Indagini ad una svolta per risalire al responsabile dell&#8217;investimento mortale nel quale ha perso la vita l&#8217;ex orologiaio savonese Giorgio Frezzati, travolto da un&#8217;auto pirata la sera del 7 dicembre scorso in via Vittorio Veneto, a Savona, alle ore 19 e 30. Un orario nel quale sicuramente qualcuno ha visto la dinamica dell&#8217;incidente, con [&hellip;]<\/p>\n","protected":false},"author":4,"featured_media":0,"comment_status":"open","ping_status":"closed","sticky":false,"template":"","format":"standard","meta":{"footnotes":""},"categories":[34],"tags":[4274,3481,85850],"class_list":["post-125385","post","type-post","status-publish","format-standard","hentry","category-cronaca","tag-auto-pirata","tag-polizia-stradale","tag-savona","post_cat_citta-andora","post_cat_citta-savona"],"amp_validity":null,"amp_enabled":true,"_links":{"self":[{"href":"https:\/\/staging.ivg.it\/ediapi\/wp\/v2\/posts\/125385","targetHints":{"allow":["GET"]}}],"collection":[{"href":"https:\/\/staging.ivg.it\/ediapi\/wp\/v2\/posts"}],"about":[{"href":"https:\/\/staging.ivg.it\/ediapi\/wp\/v2\/types\/post"}],"author":[{"embeddable":true,"href":"https:\/\/staging.ivg.it\/ediapi\/wp\/v2\/users\/4"}],"replies":[{"embeddable":true,"href":"https:\/\/staging.ivg.it\/ediapi\/wp\/v2\/comments?post=125385"}],"version-history":[{"count":0,"href":"https:\/\/staging.ivg.it\/ediapi\/wp\/v2\/posts\/125385\/revisions"}],"wp:attachment":[{"href":"https:\/\/staging.ivg.it\/ediapi\/wp\/v2\/media?parent=125385"}],"wp:term":[{"taxonomy":"category","embeddable":true,"href":"https:\/\/staging.ivg.it\/ediapi\/wp\/v2\/categories?post=125385"},{"taxonomy":"post_tag","embeddable":true,"href":"https:\/\/staging.ivg.it\/ediapi\/wp\/v2\/tags?post=125385"}],"curies":[{"name":"wp","href":"https:\/\/api.w.org\/{rel}","templated":true}]}}