{"id":124505,"date":"2010-12-14T19:14:22","date_gmt":"2010-12-14T18:14:22","guid":{"rendered":"http:\/\/www.ivg.it\/?p=124505"},"modified":"2010-12-14T19:14:22","modified_gmt":"2010-12-14T18:14:22","slug":"quiliano-insediato-il-consiglio-comunale-dei-ragazzi","status":"publish","type":"post","link":"https:\/\/staging.ivg.it\/2010\/12\/quiliano-insediato-il-consiglio-comunale-dei-ragazzi\/","title":{"rendered":"Quiliano: insediato il Consiglio comunale dei Ragazzi"},"content":{"rendered":"<p><strong>Quiliano.<\/strong> Si \u00e8 insediato, presso la Sala consiliare, il nuovo Consiglio comunale dei Ragazzi di Quiliano, eletto tra gli studenti dell\u2019Istituto Scolastico Comprensivo di Valleggia lo scorso 3 dicembre.<\/p>\n<p>Il nuovo sindaco \u00e8 Pietro Brondo, undici anni, alunno di prima media, che immediatamente deposti gli allori di un\u2019elezione a larga maggioranza, ha iniziato il suo mandato affiancando il sindaco Alberto Ferrando nella cerimonia di intitolazione di una nuova via a Sandro Pertini, con tanto di taglio del nastro e di comprensibile emozione, anche se Pietro \u00e8 apparso gi\u00e0 dalla prima seduta come un ragazzo piuttosto pragmatico, dichiarando una passionaccia per l\u2019orticultura e il pugilato e la ferma intenzione di impegnarsi seriamente per non deludere le aspettative dei compagni.<\/p>\n<p>Nel suo lavoro sar\u00e0 affiancato dai due vicesindaci ex aequo Francesca Budel di 11 anni, prima media, e Luca Guidetti di 13 anni, terza media.<\/p>\n<p>Le attivit\u00e0 del CCR quest\u2019anno saranno facilitate da Marta Natali e Chiara Tassinari, membri della Consulta Giovanile con valida esperienza nel campo educativo e dalla consigliera Stefania Druetti, delegata alle Politiche Giovanili. Il legame con la Consulta si esprimer\u00e0 anche fattivamente nello spazio che ai pi\u00f9 piccoli verr\u00e0 dato sul sito www.giovanidiqui.it.<\/p>\n<p>Il primo impegno che i ragazzi hanno deciso di assumersi \u00e8 quello di monitorare\u00a0 lo stato di salute delle aree verdi quilianesi e di riferirne nella prossima seduta del 21 gennaio 2011.<\/p>\n","protected":false},"excerpt":{"rendered":"<p>Quiliano. Si \u00e8 insediato, presso la Sala consiliare, il nuovo Consiglio comunale dei Ragazzi di Quiliano, eletto tra gli studenti dell\u2019Istituto Scolastico Comprensivo di Valleggia lo scorso 3 dicembre. Il nuovo sindaco \u00e8 Pietro Brondo, undici anni, alunno di prima media, che immediatamente deposti gli allori di un\u2019elezione a larga maggioranza, ha iniziato il suo [&hellip;]<\/p>\n","protected":false},"author":13744,"featured_media":0,"comment_status":"open","ping_status":"closed","sticky":false,"template":"","format":"standard","meta":{"footnotes":""},"categories":[],"tags":[186,85860],"class_list":["post-124505","post","type-post","status-publish","format-standard","hentry","tag-consiglio-comunale","tag-quiliano","post_cat_citta-quiliano"],"amp_validity":null,"amp_enabled":true,"_links":{"self":[{"href":"https:\/\/staging.ivg.it\/ediapi\/wp\/v2\/posts\/124505","targetHints":{"allow":["GET"]}}],"collection":[{"href":"https:\/\/staging.ivg.it\/ediapi\/wp\/v2\/posts"}],"about":[{"href":"https:\/\/staging.ivg.it\/ediapi\/wp\/v2\/types\/post"}],"author":[{"embeddable":true,"href":"https:\/\/staging.ivg.it\/ediapi\/wp\/v2\/users\/13744"}],"replies":[{"embeddable":true,"href":"https:\/\/staging.ivg.it\/ediapi\/wp\/v2\/comments?post=124505"}],"version-history":[{"count":0,"href":"https:\/\/staging.ivg.it\/ediapi\/wp\/v2\/posts\/124505\/revisions"}],"wp:attachment":[{"href":"https:\/\/staging.ivg.it\/ediapi\/wp\/v2\/media?parent=124505"}],"wp:term":[{"taxonomy":"category","embeddable":true,"href":"https:\/\/staging.ivg.it\/ediapi\/wp\/v2\/categories?post=124505"},{"taxonomy":"post_tag","embeddable":true,"href":"https:\/\/staging.ivg.it\/ediapi\/wp\/v2\/tags?post=124505"}],"curies":[{"name":"wp","href":"https:\/\/api.w.org\/{rel}","templated":true}]}}