{"id":123485,"date":"2010-12-10T14:13:38","date_gmt":"2010-12-10T13:13:38","guid":{"rendered":"http:\/\/www.ivg.it\/?p=123485"},"modified":"2010-12-10T14:13:38","modified_gmt":"2010-12-10T13:13:38","slug":"autostrada-dei-fiori-ecco-i-cantieri-rallenta-traffico-della-prossima-settimana","status":"publish","type":"post","link":"https:\/\/staging.ivg.it\/2010\/12\/autostrada-dei-fiori-ecco-i-cantieri-rallenta-traffico-della-prossima-settimana\/","title":{"rendered":"Autostrada dei Fiori: ecco i cantieri rallenta traffico della prossima settimana"},"content":{"rendered":"<p><strong>Liguria.<\/strong> Da luned\u00ec 13 a venerd\u00ec 17 dicembre ecco i cantieri che, in situazioni particolari, potrebbero creare rallentamenti al traffico sulla tratta Savona\/Confine di Stato.<\/p>\n<p>Direzione Francia (carreggiata Nord) tra Savona e Spotorno &#8211; dal km. 45,4 al km. 47,1 &#8211; riduzione della carreggiata da 2 a 1 corsia per installazione sistema amovibile apertura by-pass. (da luned\u00ec 13 a mercoled\u00ec 15); tra Albenga ed Andora &#8211; dal km. 90,3 al km. 91,4 &#8211; riduzione della carreggiata da 2 a 1 corsia per realizzazione cordolo per installazione nuovo by-pass. (da luned\u00ec 13 a venerd\u00ec 17).<\/p>\n<p>Tra Imperia Ovest ed Arma di Taggia: dal km. 116,6 al km. 118,1 &#8211; carreggiata a doppio senso causa lavori sulla carreggiata opposta. (da luned\u00ec 13 a mercoled\u00ec 15) e dal km. 116,6 al km. 118,1 &#8211; scambio di carreggiata per rifacimento pavimentazione drenante\/fono-assorbente Viadotto Costarainera (da mercoled\u00ec 15 a venerd\u00ec 17).<\/p>\n<p>Direzione Italia (carreggiata Sud) tra Arma di Taggia ed Imperia Ovest: dal km. 118,1 al km. 116,6 &#8211; scambio di carreggiata per rifacimento pavimentazione drenante\/fono-assorbente Viadotto Costarainera. (da luned\u00ec 13 a mercoled\u00ec 15); dal km. 118,1 al km. 116,6 &#8211; carreggiata a doppio senso causa lavori sulla carreggiata opposta (da mercoled\u00ec 15 a venerd\u00ec 17).<\/p>\n<p>Tra Andora ed Albenga &#8211; dal km. 92,1 al km. 91,1 &#8211; riduzione della carreggiata da 2 a 1 corsia per realizzazione cordolo per installazione nuovo by-pass (da luned\u00ec 13 a venerd\u00ec 17).<\/p>\n<p>Tra Borghetto S. S. e Pietra L. &#8211; dal km. 70,4 al km. 69,7 &#8211; riduzione della carreggiata da 2 a 1 corsia per installazione boe telemetriche (da marted\u00ec 14 a venerd\u00ec 17).<\/p>\n<p>Tra Spotorno e Savona &#8211; dal km. 47,2 al km. 46,7 &#8211; riduzione della carreggiata da 2 a 1 corsia per installazione sistema amovibile apertura by-pass (da luned\u00ec 13 a mercoled\u00ec 15).<\/p>\n","protected":false},"excerpt":{"rendered":"<p>Liguria. Da luned\u00ec 13 a venerd\u00ec 17 dicembre ecco i cantieri che, in situazioni particolari, potrebbero creare rallentamenti al traffico sulla tratta Savona\/Confine di Stato. Direzione Francia (carreggiata Nord) tra Savona e Spotorno &#8211; dal km. 45,4 al km. 47,1 &#8211; riduzione della carreggiata da 2 a 1 corsia per installazione sistema amovibile apertura by-pass. [&hellip;]<\/p>\n","protected":false},"author":13744,"featured_media":0,"comment_status":"open","ping_status":"closed","sticky":false,"template":"","format":"standard","meta":{"footnotes":""},"categories":[],"tags":[3628,1606,854,592,108],"class_list":["post-123485","post","type-post","status-publish","format-standard","hentry","tag-autostrada-dei-fiori","tag-cantieri","tag-lavori","tag-traffico","tag-viabilita","post_cat_citta-andora"],"amp_validity":null,"amp_enabled":true,"_links":{"self":[{"href":"https:\/\/staging.ivg.it\/ediapi\/wp\/v2\/posts\/123485","targetHints":{"allow":["GET"]}}],"collection":[{"href":"https:\/\/staging.ivg.it\/ediapi\/wp\/v2\/posts"}],"about":[{"href":"https:\/\/staging.ivg.it\/ediapi\/wp\/v2\/types\/post"}],"author":[{"embeddable":true,"href":"https:\/\/staging.ivg.it\/ediapi\/wp\/v2\/users\/13744"}],"replies":[{"embeddable":true,"href":"https:\/\/staging.ivg.it\/ediapi\/wp\/v2\/comments?post=123485"}],"version-history":[{"count":0,"href":"https:\/\/staging.ivg.it\/ediapi\/wp\/v2\/posts\/123485\/revisions"}],"wp:attachment":[{"href":"https:\/\/staging.ivg.it\/ediapi\/wp\/v2\/media?parent=123485"}],"wp:term":[{"taxonomy":"category","embeddable":true,"href":"https:\/\/staging.ivg.it\/ediapi\/wp\/v2\/categories?post=123485"},{"taxonomy":"post_tag","embeddable":true,"href":"https:\/\/staging.ivg.it\/ediapi\/wp\/v2\/tags?post=123485"}],"curies":[{"name":"wp","href":"https:\/\/api.w.org\/{rel}","templated":true}]}}