{"id":123299,"date":"2010-12-09T18:08:13","date_gmt":"2010-12-09T17:08:13","guid":{"rendered":"http:\/\/www.ivg.it\/?p=123299"},"modified":"2010-12-09T18:11:33","modified_gmt":"2010-12-09T17:11:33","slug":"pallanuoto-carisa-savona-ammenda-di-200-euro-per-carenze-organizzative","status":"publish","type":"post","link":"https:\/\/staging.ivg.it\/2010\/12\/pallanuoto-carisa-savona-ammenda-di-200-euro-per-carenze-organizzative\/","title":{"rendered":"Pallanuoto, Carisa Savona: ammenda di 200 euro per carenze organizzative"},"content":{"rendered":"<p><strong>Savona<\/strong>. Il giudice sportivo ha multato di 200 euro la Carisa Savona &#8220;per carenze organizzative (non corretto funzionamento della sirena, assenza nomi atleti e non corretto funzionamento timeout)&#8221;.<\/p>\n<p>La Lazio \u00e8 stata multata di 300 euro, anch&#8217;essa &#8220;per carenze organizzative (assenza dispositivo sonoro fine periodo, assenza microfono) per cui non \u00e8 avvenuta la presentazione della squadra&#8221;. Multa di 60 euro alla Lake Iseo Brixia &#8220;per assenza del tecnico&#8221;.<\/p>\n<p>Bordone (Igm Ortigia) \u00e8 stato squalificato per due giornate per brutalit\u00e0 con ammenda automatica alla societ\u00e0 di 250 euro. Una giornata di squalifica a Fratoni (dirigente della Carige Olio Carli Imperia) per recidivit\u00e0 in comportamento poco riguardoso; una giornata anche a Consiglio (dirigente della Rari Nantes Bogliasco) per comportamento ingiurioso.<\/p>\n<p>Ammoniti Saccoia (CN Posillipo), Chiaroni (massaggiatore della Florentia), Pizzo (dirigente della Ferla Pro Recco), Chiavarini (dirigente della Ellev\u00ec Nervi), tutti per comportamento poco riguardoso.<\/p>\n","protected":false},"excerpt":{"rendered":"<p>Savona. Il giudice sportivo ha multato di 200 euro la Carisa Savona &#8220;per carenze organizzative (non corretto funzionamento della sirena, assenza nomi atleti e non corretto funzionamento timeout)&#8221;. La Lazio \u00e8 stata multata di 300 euro, anch&#8217;essa &#8220;per carenze organizzative (assenza dispositivo sonoro fine periodo, assenza microfono) per cui non \u00e8 avvenuta la presentazione della [&hellip;]<\/p>\n","protected":false},"author":13744,"featured_media":0,"comment_status":"open","ping_status":"closed","sticky":false,"template":"","format":"standard","meta":{"footnotes":""},"categories":[32],"tags":[29410,9811,1095,166,3676],"class_list":["post-123299","post","type-post","status-publish","format-standard","hentry","category-sport","tag-carisa-savona","tag-coppa-len","tag-multa","tag-pallanuoto","tag-serie-a1","post_cat_citta-savona"],"amp_validity":null,"amp_enabled":true,"_links":{"self":[{"href":"https:\/\/staging.ivg.it\/ediapi\/wp\/v2\/posts\/123299","targetHints":{"allow":["GET"]}}],"collection":[{"href":"https:\/\/staging.ivg.it\/ediapi\/wp\/v2\/posts"}],"about":[{"href":"https:\/\/staging.ivg.it\/ediapi\/wp\/v2\/types\/post"}],"author":[{"embeddable":true,"href":"https:\/\/staging.ivg.it\/ediapi\/wp\/v2\/users\/13744"}],"replies":[{"embeddable":true,"href":"https:\/\/staging.ivg.it\/ediapi\/wp\/v2\/comments?post=123299"}],"version-history":[{"count":0,"href":"https:\/\/staging.ivg.it\/ediapi\/wp\/v2\/posts\/123299\/revisions"}],"wp:attachment":[{"href":"https:\/\/staging.ivg.it\/ediapi\/wp\/v2\/media?parent=123299"}],"wp:term":[{"taxonomy":"category","embeddable":true,"href":"https:\/\/staging.ivg.it\/ediapi\/wp\/v2\/categories?post=123299"},{"taxonomy":"post_tag","embeddable":true,"href":"https:\/\/staging.ivg.it\/ediapi\/wp\/v2\/tags?post=123299"}],"curies":[{"name":"wp","href":"https:\/\/api.w.org\/{rel}","templated":true}]}}