{"id":122511,"date":"2010-12-06T10:07:38","date_gmt":"2010-12-06T09:07:38","guid":{"rendered":"http:\/\/www.ivg.it\/?p=122511"},"modified":"2010-12-06T14:53:28","modified_gmt":"2010-12-06T13:53:28","slug":"cairo-ubriaco-si-sdraia-nella-neve-poi-colpisce-militare-con-un-pugno-arrestato","status":"publish","type":"post","link":"https:\/\/staging.ivg.it\/2010\/12\/cairo-ubriaco-si-sdraia-nella-neve-poi-colpisce-militare-con-un-pugno-arrestato\/","title":{"rendered":"Cairo, ubriaco si sdraia nella neve poi colpisce militare con un pugno: arrestato"},"content":{"rendered":"<p><strong>Cairo M.<\/strong> Resistenza a pubblico ufficiale e lesioni. Sono queste le accuse contestate ad un romeno di 38 anni, N.M., incensurato e residente a Cengio, che \u00e8 stato arrestato, nella serata di ieri, dai carabinieri. L&#8217;uomo, in evidente stato di ebbrezza, dopo essere uscito da un bar, \u00e8 praticamente collassato in mezzo alla neve nel centro di Cairo.<\/p>\n<p>Una pattuglia dei carabinieri lo ha visto ed \u00e8 intervenuta per prestargli assistenza. Mentre il romeno restava sdraiato nella neve, urlando frasi senza senso, i militari hanno anche allertato il 118. Alla vista dell&#8217;ambulanza per\u00f2 l&#8217;uomo ha reagito sferrando un pugno al volto di un militare (che \u00e8 stato giudicato guaribile in 7 giorni).<\/p>\n<p>Per il 38enne \u00e8 cos\u00ec scattato subito l&#8217;arresto per resistenza e lesioni. L&#8217;uomo dovrebbe essere processato per direttissima gi\u00e0 questa mattina nel Tribunale di Savona.<\/p>\n","protected":false},"excerpt":{"rendered":"<p>Cairo M. Resistenza a pubblico ufficiale e lesioni. Sono queste le accuse contestate ad un romeno di 38 anni, N.M., incensurato e residente a Cengio, che \u00e8 stato arrestato, nella serata di ieri, dai carabinieri. L&#8217;uomo, in evidente stato di ebbrezza, dopo essere uscito da un bar, \u00e8 praticamente collassato in mezzo alla neve nel [&hellip;]<\/p>\n","protected":false},"author":2394,"featured_media":0,"comment_status":"open","ping_status":"closed","sticky":false,"template":"","format":"standard","meta":{"footnotes":""},"categories":[34],"tags":[666,151,228,342,470,6496,9746],"class_list":["post-122511","post","type-post","status-publish","format-standard","hentry","category-cronaca","tag-arresto","tag-cairo","tag-carabinieri","tag-lesioni","tag-resistenza","tag-resistenza-a-pubblico-ufficiale","tag-romeno","post_cat_citta-cairo-montenotte"],"amp_validity":null,"amp_enabled":true,"_links":{"self":[{"href":"https:\/\/staging.ivg.it\/ediapi\/wp\/v2\/posts\/122511","targetHints":{"allow":["GET"]}}],"collection":[{"href":"https:\/\/staging.ivg.it\/ediapi\/wp\/v2\/posts"}],"about":[{"href":"https:\/\/staging.ivg.it\/ediapi\/wp\/v2\/types\/post"}],"author":[{"embeddable":true,"href":"https:\/\/staging.ivg.it\/ediapi\/wp\/v2\/users\/2394"}],"replies":[{"embeddable":true,"href":"https:\/\/staging.ivg.it\/ediapi\/wp\/v2\/comments?post=122511"}],"version-history":[{"count":0,"href":"https:\/\/staging.ivg.it\/ediapi\/wp\/v2\/posts\/122511\/revisions"}],"wp:attachment":[{"href":"https:\/\/staging.ivg.it\/ediapi\/wp\/v2\/media?parent=122511"}],"wp:term":[{"taxonomy":"category","embeddable":true,"href":"https:\/\/staging.ivg.it\/ediapi\/wp\/v2\/categories?post=122511"},{"taxonomy":"post_tag","embeddable":true,"href":"https:\/\/staging.ivg.it\/ediapi\/wp\/v2\/tags?post=122511"}],"curies":[{"name":"wp","href":"https:\/\/api.w.org\/{rel}","templated":true}]}}