{"id":122248,"date":"2010-12-04T13:21:24","date_gmt":"2010-12-04T12:21:24","guid":{"rendered":"http:\/\/www.ivg.it\/?p=122248"},"modified":"2010-12-04T18:03:00","modified_gmt":"2010-12-04T17:03:00","slug":"ponte-dellimmacolata-questanno-in-calo-gli-italiani-in-vacanza","status":"publish","type":"post","link":"https:\/\/staging.ivg.it\/2010\/12\/ponte-dellimmacolata-questanno-in-calo-gli-italiani-in-vacanza\/","title":{"rendered":"Ponte dell\u2019Immacolata: quest\u2019anno cala il numero degli italiani in vacanza"},"content":{"rendered":"<p>Ponte dell&#8217;Immacolata caratterizzato dal segno meno. Almeno questa \u00e8 la previsione, dal punto di vista turistico, rispetto allo scorso anno fatta da Federalberghi-Confturismo, secondo la quale gli italiani in vacanza saranno 4 milioni (5,4 milioni lo scorso anno) e il giro di affari di 911 milioni di euro (1,2 miliardi nel 2009).<\/p>\n<p>Le previsioni sono il risultato di una indagine svolta dalla Federazione con il supporto tecnico dell&#8217;Istituto EMG Ricerche dal 25 novembre al 1\u00b0 dicembre, intervistando con il sistema C.A.T.I. (telefonico) 3.000 italiani. Fra coloro che si muoveranno, l&#8217;88,3% rimarr\u00e0 in Italia, l&#8217;11,3% che ha pianificato qualche giorno oltre confine. Le localit\u00e0 di montagna, con le piste ormai innevate, ospiteranno il 44% dei turisti. Le citt\u00e0 d&#8217;arte saranno la meta del 21,1%, il mare del 15,9%, gli altri sceglieranno mete diverse.<\/p>\n<p>&#8220;Si tratta &#8211; ha detto il presidente di Federalberghi, Bernab\u00f2 Bocca &#8211; di un segnale chiaramente preoccupante, che si concretizza purtroppo e soprattutto alla vigilia delle festivit\u00e0 natalizie, anche se l&#8217;anno scorso il &#8216;ponte&#8217; cadendo di marted\u00ec rendeva pi\u00f9 comodo, con un solo giorno di ferie, di usufruire di quattro giorni di &#8216;vacanza&#8217;. Ad ogni modo &#8211; ha aggiunto &#8211; la battuta d&#8217;arresto rispecchia perfettamente una situazione economica mondiale e di stabilit\u00e0 politica interna cos\u00ec incerte, dal condizionare qualsiasi scelta economica delle famiglie italiane, purtroppo anche in campo turistico&#8221;.<\/p>\n","protected":false},"excerpt":{"rendered":"<p>Ponte dell&#8217;Immacolata caratterizzato dal segno meno. Almeno questa \u00e8 la previsione, dal punto di vista turistico, rispetto allo scorso anno fatta da Federalberghi-Confturismo, secondo la quale gli italiani in vacanza saranno 4 milioni (5,4 milioni lo scorso anno) e il giro di affari di 911 milioni di euro (1,2 miliardi nel 2009). Le previsioni sono [&hellip;]<\/p>\n","protected":false},"author":13744,"featured_media":0,"comment_status":"open","ping_status":"closed","sticky":false,"template":"","format":"standard","meta":{"footnotes":""},"categories":[34],"tags":[1973,4951,15577,5276],"class_list":["post-122248","post","type-post","status-publish","format-standard","hentry","category-cronaca","tag-confcommercio","tag-federalberghi","tag-ponte-immacolata","tag-vacanza","post_cat_citta-andora"],"amp_validity":null,"amp_enabled":true,"_links":{"self":[{"href":"https:\/\/staging.ivg.it\/ediapi\/wp\/v2\/posts\/122248","targetHints":{"allow":["GET"]}}],"collection":[{"href":"https:\/\/staging.ivg.it\/ediapi\/wp\/v2\/posts"}],"about":[{"href":"https:\/\/staging.ivg.it\/ediapi\/wp\/v2\/types\/post"}],"author":[{"embeddable":true,"href":"https:\/\/staging.ivg.it\/ediapi\/wp\/v2\/users\/13744"}],"replies":[{"embeddable":true,"href":"https:\/\/staging.ivg.it\/ediapi\/wp\/v2\/comments?post=122248"}],"version-history":[{"count":0,"href":"https:\/\/staging.ivg.it\/ediapi\/wp\/v2\/posts\/122248\/revisions"}],"wp:attachment":[{"href":"https:\/\/staging.ivg.it\/ediapi\/wp\/v2\/media?parent=122248"}],"wp:term":[{"taxonomy":"category","embeddable":true,"href":"https:\/\/staging.ivg.it\/ediapi\/wp\/v2\/categories?post=122248"},{"taxonomy":"post_tag","embeddable":true,"href":"https:\/\/staging.ivg.it\/ediapi\/wp\/v2\/tags?post=122248"}],"curies":[{"name":"wp","href":"https:\/\/api.w.org\/{rel}","templated":true}]}}