{"id":122022,"date":"2010-12-03T14:52:43","date_gmt":"2010-12-03T13:52:43","guid":{"rendered":"http:\/\/www.ivg.it\/?p=122022"},"modified":"2010-12-03T14:53:23","modified_gmt":"2010-12-03T13:53:23","slug":"calcio-a-5-serie-c-toirano-battuto-a-testa-alta","status":"publish","type":"post","link":"https:\/\/staging.ivg.it\/2010\/12\/calcio-a-5-serie-c-toirano-battuto-a-testa-alta\/","title":{"rendered":"Calcio a 5, serie C: Toirano battuto a testa alta"},"content":{"rendered":"<p><strong>Ceriale<\/strong>. Ennesimo atto di una stagione da comprimarie per le savonesi impegnate da serie C. Ceriale, Toirano e Citt\u00e0 di Finale sono state ancora una volta sconfitte.<\/p>\n<p>La caduta meno pesante \u00e8 quella del Toirano. Sul campo di casa la formazione del presidente Ignazio Rando ha ben figurato contro la capolista Sant&#8217;Ampelio, perdendo con 2 sole reti di scarto. Forlano, Rando senior e Meneghetti hanno realizzato i centri della squadra di mister De Santis.<\/p>\n<p>Pi\u00f9 netto il ko interno del Ceriale. Opposta alla Coldirodese, la compagine guidata da Rosario Greco ha subito un 9 a 3 che non lascia spazio a recriminazioni. Le marcature dei locali portano le firme di Mazzarello, Selis e Rotunno.<\/p>\n<p>Il Citt\u00e0 di Finale ha onorato l&#8217;impegno presentandosi a Coldirodi, ma nulla ha potuto contro la squadra locale. I ragazzi allenati da Paroli sono stati battuti per 13 a 1. Il goal della bandiera \u00e8 stato segnato da Filidei.<\/p>\n<p>Il recupero del 2\u00b0 turno:<br \/>\nDolcedo &#8211; Pro Imperia 3 &#8211; 5<\/p>\n<p>I risultati della 5\u00b0 giornata:<br \/>\nCeriale &#8211; Coldirodese 3 &#8211; 9<br \/>\nColdirodi Calcio a 5 &#8211; Citt\u00e0 di Finale 13 &#8211; 1<br \/>\nDolceacqua &#8211; Dolcedo 5 &#8211; 3<br \/>\nPro Imperia &#8211; San Biagio 7 &#8211; 6<br \/>\nToirano &#8211; Sant\u2019Ampelio 3 &#8211; 5<\/p>\n<p>Alla portata delle savonesi resta solamente il San Biagio:<br \/>\n1\u00b0 Sant\u2019Ampelio 15<br \/>\n2\u00b0 Coldirodese 12<br \/>\n2\u00b0 Pro Imperia 12<br \/>\n2\u00b0 Dolceacqua 12<br \/>\n5\u00b0 Coldirodi Calcio a 5 9<br \/>\n6\u00b0 Dolcedo 7<br \/>\n7\u00b0 San Biagio 4<br \/>\n8\u00b0 Toirano 3<br \/>\n9\u00b0 Ceriale 0<br \/>\n10\u00b0 Citt\u00e0 di Finale -1<\/p>\n<p>Luned\u00ec 13 dicembre \u00e8 in programma il derby tra Citt\u00e0 di Finale e Toirano. Il Ceriale far\u00e0 visita al Dolceacqua.<\/p>\n","protected":false},"excerpt":{"rendered":"<p>Ceriale. Ennesimo atto di una stagione da comprimarie per le savonesi impegnate da serie C. Ceriale, Toirano e Citt\u00e0 di Finale sono state ancora una volta sconfitte. La caduta meno pesante \u00e8 quella del Toirano. Sul campo di casa la formazione del presidente Ignazio Rando ha ben figurato contro la capolista Sant&#8217;Ampelio, perdendo con 2 [&hellip;]<\/p>\n","protected":false},"author":18,"featured_media":0,"comment_status":"open","ping_status":"closed","sticky":false,"template":"","format":"standard","meta":{"footnotes":""},"categories":[32],"tags":[85855,3911,4104,2924,2066,85952],"class_list":["post-122022","post","type-post","status-publish","format-standard","hentry","category-sport","tag-ceriale","tag-citta-di-finale","tag-classifica","tag-risultati","tag-serie-c","tag-toirano","post_cat_citta-ceriale","post_cat_citta-finale-ligure","post_cat_citta-toirano"],"amp_validity":null,"amp_enabled":true,"_links":{"self":[{"href":"https:\/\/staging.ivg.it\/ediapi\/wp\/v2\/posts\/122022","targetHints":{"allow":["GET"]}}],"collection":[{"href":"https:\/\/staging.ivg.it\/ediapi\/wp\/v2\/posts"}],"about":[{"href":"https:\/\/staging.ivg.it\/ediapi\/wp\/v2\/types\/post"}],"author":[{"embeddable":true,"href":"https:\/\/staging.ivg.it\/ediapi\/wp\/v2\/users\/18"}],"replies":[{"embeddable":true,"href":"https:\/\/staging.ivg.it\/ediapi\/wp\/v2\/comments?post=122022"}],"version-history":[{"count":0,"href":"https:\/\/staging.ivg.it\/ediapi\/wp\/v2\/posts\/122022\/revisions"}],"wp:attachment":[{"href":"https:\/\/staging.ivg.it\/ediapi\/wp\/v2\/media?parent=122022"}],"wp:term":[{"taxonomy":"category","embeddable":true,"href":"https:\/\/staging.ivg.it\/ediapi\/wp\/v2\/categories?post=122022"},{"taxonomy":"post_tag","embeddable":true,"href":"https:\/\/staging.ivg.it\/ediapi\/wp\/v2\/tags?post=122022"}],"curies":[{"name":"wp","href":"https:\/\/api.w.org\/{rel}","templated":true}]}}