{"id":121540,"date":"2010-12-01T16:43:38","date_gmt":"2010-12-01T15:43:38","guid":{"rendered":"http:\/\/www.ivg.it\/?p=121540"},"modified":"2010-12-02T10:09:47","modified_gmt":"2010-12-02T09:09:47","slug":"regione-al-via-intervento-pris-per-variante-aurelia-bis-tra-albisola-e-savona","status":"publish","type":"post","link":"https:\/\/staging.ivg.it\/2010\/12\/regione-al-via-intervento-pris-per-variante-aurelia-bis-tra-albisola-e-savona\/","title":{"rendered":"Regione: al via intervento \u2018Pris\u2019 per variante Aurelia bis tra Albisola e Savona"},"content":{"rendered":"<p><strong>Regione.<\/strong> E\u2019 stata approvato dalla Giunta regionale, su proposta dell\u2019assessore alle Infrastrutture, Raffaella Paita, l\u2019intervento Pris per favorire la realizzazione\u00a0della variante aurelia bis nel tratto Albisola &#8211; Savona. Un provvedimento che comporta la necessit\u00e0 di acquisire, con la procedura di esproprio, aree e fabbricati che ricadono lungo il tracciato della variante.<\/p>\n<p>Con l\u2019approvazione della Giunta si garantisce, ai residenti un\u2019indennit\u00e0 aggiuntiva, oltre all\u2019indennit\u00e0 di esproprio.<\/p>\n<p>\u201cL\u2019ambito di applicazione del provvedimento\u00a0 \u2013 spiega l\u2019assessore Paita \u2013 \u00e8 costituito in particolare dalle aree sulle quali si svilupper\u00e0 il tracciato della nuova aurelia bis e gli svincoli di collegamento alla stessa con la viabilit\u00e0 ordinaria\u201d. Il progetto definitivo dell\u2019opera in questione era stato approvato nel 2007 ed era stato dichiarato di pubblica utilit\u00e0.<\/p>\n<p>\u201cAttraverso questo provvedimento \u2013 aggiunge l\u2019assessore alle infrastrutture \u2013 la Giunta ha previsto tutte le azioni necessarie per risolvere e mitigare\u00a0 le problematiche territoriali, economiche e sociali con\u00a0 misure compensative\u201d. In questo modo infatti viene corrisposta un\u2019indennit\u00e0 speciale a tutti i soggetti interessati destinati a compensare la loro ricollocazione secondo una diversa soluzione abitativa. Nei prossimi giorni sar\u00e0 portato all\u2019attenzione della Giunta regionale un medesimo provvedimento rivolto alle attivit\u00e0 commerciali.<\/p>\n","protected":false},"excerpt":{"rendered":"<p>Regione. E\u2019 stata approvato dalla Giunta regionale, su proposta dell\u2019assessore alle Infrastrutture, Raffaella Paita, l\u2019intervento Pris per favorire la realizzazione\u00a0della variante aurelia bis nel tratto Albisola &#8211; Savona. Un provvedimento che comporta la necessit\u00e0 di acquisire, con la procedura di esproprio, aree e fabbricati che ricadono lungo il tracciato della variante. Con l\u2019approvazione della Giunta [&hellip;]<\/p>\n","protected":false},"author":13744,"featured_media":0,"comment_status":"open","ping_status":"closed","sticky":false,"template":"","format":"standard","meta":{"footnotes":""},"categories":[],"tags":[432,897,22411,223,85850],"class_list":["post-121540","post","type-post","status-publish","format-standard","hentry","tag-albisola","tag-aurelia-bis","tag-raffaella-paita","tag-regione-liguria","tag-savona","post_cat_citta-albisola-superiore","post_cat_citta-savona"],"amp_validity":null,"amp_enabled":true,"_links":{"self":[{"href":"https:\/\/staging.ivg.it\/ediapi\/wp\/v2\/posts\/121540","targetHints":{"allow":["GET"]}}],"collection":[{"href":"https:\/\/staging.ivg.it\/ediapi\/wp\/v2\/posts"}],"about":[{"href":"https:\/\/staging.ivg.it\/ediapi\/wp\/v2\/types\/post"}],"author":[{"embeddable":true,"href":"https:\/\/staging.ivg.it\/ediapi\/wp\/v2\/users\/13744"}],"replies":[{"embeddable":true,"href":"https:\/\/staging.ivg.it\/ediapi\/wp\/v2\/comments?post=121540"}],"version-history":[{"count":0,"href":"https:\/\/staging.ivg.it\/ediapi\/wp\/v2\/posts\/121540\/revisions"}],"wp:attachment":[{"href":"https:\/\/staging.ivg.it\/ediapi\/wp\/v2\/media?parent=121540"}],"wp:term":[{"taxonomy":"category","embeddable":true,"href":"https:\/\/staging.ivg.it\/ediapi\/wp\/v2\/categories?post=121540"},{"taxonomy":"post_tag","embeddable":true,"href":"https:\/\/staging.ivg.it\/ediapi\/wp\/v2\/tags?post=121540"}],"curies":[{"name":"wp","href":"https:\/\/api.w.org\/{rel}","templated":true}]}}