{"id":121516,"date":"2010-12-01T15:42:18","date_gmt":"2010-12-01T14:42:18","guid":{"rendered":"http:\/\/www.ivg.it\/?p=121516"},"modified":"2010-12-02T09:52:54","modified_gmt":"2010-12-02T08:52:54","slug":"si-chiama-dejan-ed-e-il-millesimo-bambino-nato-nel-2010-al-san-paolo","status":"publish","type":"post","link":"https:\/\/staging.ivg.it\/2010\/12\/si-chiama-dejan-ed-e-il-millesimo-bambino-nato-nel-2010-al-san-paolo\/","title":{"rendered":"Si chiama Dejan \u00e8d \u00e8 il millesimo bambino nato nel 2010 al San Paolo"},"content":{"rendered":"<p><strong>Savona.<\/strong> \u00c8 un maschio e si chiama Dejan. \u00c8 nato mercoled\u00ec 1 dicembre alle 02.40 e pesa gr. 3.370, il millesimo bambino dell\u2019anno presso la Struttura di Ginecologia ed Ostetricia dell\u2019Ospedale San Paolo di Savona. I genitori, mamma Barbara e pap\u00e0 Filippo, sono residenti ad Altare e sono entrambi di nazionalit\u00e0 italiana.<\/p>\n<p>&#8220;Gi\u00e0 da alcuni anni in citt\u00e0 viene superata la soglia dei mille parti all\u2019anno, a riprova degli sforzi organizzativi e formativi cui tutto il personale ha partecipato, sotto lo stimolo costante del Direttore, Dott. Salvatore Garzarelli&#8221; scrive l&#8217;Asl2 savonese.<\/p>\n<p>Venerd\u00ec 3 dicembre, alle ore 14.30, il Direttore Generale Flavio Neirotti insieme al Sindaco del Comune di Savona, Federico Berruti, faranno visita al reparto per gli auguri alla famiglia e al nuovo nato e per un\u2019analisi di fine anno delle attivit\u00e0 della Struttura Complessa Ostetricia e Ginecologia.<\/p>\n<p>&#8220;L\u2019attenzione verso la salute della donna e del bambino non si limita esclusivamente al momento della gestazione e del parto o all\u2019evento della nascita, ma si estende, in un\u2019ottica pi\u00f9 globale, a curare il loro benessere complessivo dell\u2019intera famiglia da parte delle strutture aziendali, sia ospedaliere che territoriali, riunite nel Dipartimento Materno-Infantile&#8221;\u00a0conclude in una nota l&#8217;Asl2 savonese.<\/p>\n","protected":false},"excerpt":{"rendered":"<p>Savona. \u00c8 un maschio e si chiama Dejan. \u00c8 nato mercoled\u00ec 1 dicembre alle 02.40 e pesa gr. 3.370, il millesimo bambino dell\u2019anno presso la Struttura di Ginecologia ed Ostetricia dell\u2019Ospedale San Paolo di Savona. I genitori, mamma Barbara e pap\u00e0 Filippo, sono residenti ad Altare e sono entrambi di nazionalit\u00e0 italiana. &#8220;Gi\u00e0 da alcuni [&hellip;]<\/p>\n","protected":false},"author":13744,"featured_media":0,"comment_status":"open","ping_status":"closed","sticky":false,"template":"","format":"standard","meta":{"footnotes":""},"categories":[],"tags":[9032,1062,29296,230,85850],"class_list":["post-121516","post","type-post","status-publish","format-standard","hentry","tag-asl2","tag-federico-berruti","tag-millesimo-nato","tag-ospedale-san-paolo","tag-savona","post_cat_citta-savona"],"amp_validity":null,"amp_enabled":true,"_links":{"self":[{"href":"https:\/\/staging.ivg.it\/ediapi\/wp\/v2\/posts\/121516","targetHints":{"allow":["GET"]}}],"collection":[{"href":"https:\/\/staging.ivg.it\/ediapi\/wp\/v2\/posts"}],"about":[{"href":"https:\/\/staging.ivg.it\/ediapi\/wp\/v2\/types\/post"}],"author":[{"embeddable":true,"href":"https:\/\/staging.ivg.it\/ediapi\/wp\/v2\/users\/13744"}],"replies":[{"embeddable":true,"href":"https:\/\/staging.ivg.it\/ediapi\/wp\/v2\/comments?post=121516"}],"version-history":[{"count":0,"href":"https:\/\/staging.ivg.it\/ediapi\/wp\/v2\/posts\/121516\/revisions"}],"wp:attachment":[{"href":"https:\/\/staging.ivg.it\/ediapi\/wp\/v2\/media?parent=121516"}],"wp:term":[{"taxonomy":"category","embeddable":true,"href":"https:\/\/staging.ivg.it\/ediapi\/wp\/v2\/categories?post=121516"},{"taxonomy":"post_tag","embeddable":true,"href":"https:\/\/staging.ivg.it\/ediapi\/wp\/v2\/tags?post=121516"}],"curies":[{"name":"wp","href":"https:\/\/api.w.org\/{rel}","templated":true}]}}