{"id":121395,"date":"2010-12-01T10:57:34","date_gmt":"2010-12-01T09:57:34","guid":{"rendered":"http:\/\/www.ivg.it\/?p=121395"},"modified":"2010-12-01T14:22:04","modified_gmt":"2010-12-01T13:22:04","slug":"savona-caviglia-attacca-boffa-sulla-carcare-predosa-dimostra-visione-corta","status":"publish","type":"post","link":"https:\/\/staging.ivg.it\/2010\/12\/savona-caviglia-attacca-boffa-sulla-carcare-predosa-dimostra-visione-corta\/","title":{"rendered":"Savona, Caviglia attacca Boffa sulla Carcare-Predosa: \u201cDimostra visione corta\u201d"},"content":{"rendered":"<p><strong>Savona<\/strong>. Il vicesindaco di Savona Paolo Caviglia ha voluto replicare alla dichiarazioni di Michele Boffa sulla Carcare-Predosa. &#8220;Non vorrei che Michele Boffa si  iscrivesse al partito dei minimalisti proprio nel momento in cui si stanno gettando le basi per la realizzazione della grande infrastruttura Albenga-Predosa. Quello che per 40 anni \u00e8 stato un sogno \u2013 come tutti i sogni \u2013 si potr\u00e0 avverare solo con l&#8217;unit\u00e0 d&#8217;intenti di tutte le Istituzioni interessate&#8221; osserva Caviglia.<\/p>\n<p>&#8220;Basti guardare oltre i confini liguri e vedere quello che succede in Lombardia, nel Veneto per parlare solo del nord. Lo sviluppo economico, turistico e ambientale di questa provincia non si realizza soltanto con piccoli ritocchi (peraltro necessari) ma attraverso questo grande intervento, i cui benefici per le Valli Bormide e tutto il Ponente certamente Boffa \u00e8 in grado di valutare da solo perch\u00e8 Egli conosce sia il progetto S.I.S.Te.Ma. sia le opportunit\u00e0 di finanziamenti, che possono derivare dall&#8217;inserimento dell&#8217;Albenga-Predosa nel nuovo piano nazionale delle grandi infrastrutture e dei trasporti (logistica compresa)&#8221; aggiunge il vicesindaco di Savona.<\/p>\n<p>&#8220;Mi spiace veramente che il Presidente del Consiglio Regionale ligure abbia dimostrato una visione cos\u00ec &#8216;corta&#8217; proprio nel momento in cui anche la Regione Liguria \u00e8 tra gli enti chiamati a sottoscrivere la convenzione predisposta dal Ministero delle Infrastrutture come primo atto per l&#8217;avvio delle procedure&#8221; conclude Paolo Caviglia.<\/p>\n","protected":false},"excerpt":{"rendered":"<p>Savona. Il vicesindaco di Savona Paolo Caviglia ha voluto replicare alla dichiarazioni di Michele Boffa sulla Carcare-Predosa. &#8220;Non vorrei che Michele Boffa si iscrivesse al partito dei minimalisti proprio nel momento in cui si stanno gettando le basi per la realizzazione della grande infrastruttura Albenga-Predosa. Quello che per 40 anni \u00e8 stato un sogno \u2013 [&hellip;]<\/p>\n","protected":false},"author":13744,"featured_media":0,"comment_status":"open","ping_status":"closed","sticky":false,"template":"","format":"standard","meta":{"footnotes":""},"categories":[34,31],"tags":[85852,29278,1723,3211,29277,85850],"class_list":["post-121395","post","type-post","status-publish","format-standard","hentry","category-cronaca","category-politica","tag-carcare","tag-carcare-predosa","tag-caviglia","tag-michele-boffa","tag-predosa","tag-savona","post_cat_citta-savona"],"amp_validity":null,"amp_enabled":true,"_links":{"self":[{"href":"https:\/\/staging.ivg.it\/ediapi\/wp\/v2\/posts\/121395","targetHints":{"allow":["GET"]}}],"collection":[{"href":"https:\/\/staging.ivg.it\/ediapi\/wp\/v2\/posts"}],"about":[{"href":"https:\/\/staging.ivg.it\/ediapi\/wp\/v2\/types\/post"}],"author":[{"embeddable":true,"href":"https:\/\/staging.ivg.it\/ediapi\/wp\/v2\/users\/13744"}],"replies":[{"embeddable":true,"href":"https:\/\/staging.ivg.it\/ediapi\/wp\/v2\/comments?post=121395"}],"version-history":[{"count":0,"href":"https:\/\/staging.ivg.it\/ediapi\/wp\/v2\/posts\/121395\/revisions"}],"wp:attachment":[{"href":"https:\/\/staging.ivg.it\/ediapi\/wp\/v2\/media?parent=121395"}],"wp:term":[{"taxonomy":"category","embeddable":true,"href":"https:\/\/staging.ivg.it\/ediapi\/wp\/v2\/categories?post=121395"},{"taxonomy":"post_tag","embeddable":true,"href":"https:\/\/staging.ivg.it\/ediapi\/wp\/v2\/tags?post=121395"}],"curies":[{"name":"wp","href":"https:\/\/api.w.org\/{rel}","templated":true}]}}