{"id":121099,"date":"2010-11-30T10:13:43","date_gmt":"2010-11-30T09:13:43","guid":{"rendered":"http:\/\/www.ivg.it\/?p=121099"},"modified":"2010-11-30T10:13:43","modified_gmt":"2010-11-30T09:13:43","slug":"alassio-domani-parte-liniziativa-facciamo-insieme-lalbero-di-natale","status":"publish","type":"post","link":"https:\/\/staging.ivg.it\/2010\/11\/alassio-domani-parte-liniziativa-facciamo-insieme-lalbero-di-natale\/","title":{"rendered":"Alassio, domani parte l&#8217;iniziativa &#8220;Facciamo insieme l&#8217;Albero di Natale&#8221;"},"content":{"rendered":"<p><strong>Alassio<\/strong>. Domani e dopodomani, nella Biblioteca Civica &#8220;R. Deaglio&#8221;, ad Alassio, si svolger\u00e0 l&#8217;iniziativa &#8220;Facciamo insieme l&#8217;Albero di Natale&#8221;. La Compagnia de &#8220;I Senzatetto&#8221; coinvolgera&#8217; i bambini nell&#8217;allestimento del grande albero di Natale. L&#8217;iniziativa, promossa dall&#8217;Assessorato al Turismo e alla Cultura del Comune di Alassio, prender\u00e0 il via domani alle ore 16,45 e proseguir\u00e0 gioved\u00ec a partire dalle 16.30.<\/p>\n<p>Sempre domani, sar\u00e0 esposta sui vetri della Civica Biblioteca la prima immagine del calendario dell&#8217;Avvento disegnato dagli alunni della scuola media (classi prime e seconde) e della scuola elementare (classi terze, quarte e quinte) di Alassio. Fino al 24 dicembre, tutti i giorni sar\u00e0 esposto un disegno dedicato al Natale, cos\u00ec da comporre una mostra tematica che si potr\u00e0 ammirare fino al 6 gennaio 2011.<\/p>\n","protected":false},"excerpt":{"rendered":"<p>Alassio. Domani e dopodomani, nella Biblioteca Civica &#8220;R. Deaglio&#8221;, ad Alassio, si svolger\u00e0 l&#8217;iniziativa &#8220;Facciamo insieme l&#8217;Albero di Natale&#8221;. La Compagnia de &#8220;I Senzatetto&#8221; coinvolgera&#8217; i bambini nell&#8217;allestimento del grande albero di Natale. L&#8217;iniziativa, promossa dall&#8217;Assessorato al Turismo e alla Cultura del Comune di Alassio, prender\u00e0 il via domani alle ore 16,45 e proseguir\u00e0 gioved\u00ec [&hellip;]<\/p>\n","protected":false},"author":13744,"featured_media":0,"comment_status":"open","ping_status":"closed","sticky":false,"template":"","format":"standard","meta":{"footnotes":""},"categories":[56],"tags":[85824,15457,2791],"class_list":["post-121099","post","type-post","status-publish","format-standard","hentry","category-altre","tag-alassio","tag-albero-di-natale","tag-natale","post_cat_citta-alassio"],"amp_validity":null,"amp_enabled":true,"_links":{"self":[{"href":"https:\/\/staging.ivg.it\/ediapi\/wp\/v2\/posts\/121099","targetHints":{"allow":["GET"]}}],"collection":[{"href":"https:\/\/staging.ivg.it\/ediapi\/wp\/v2\/posts"}],"about":[{"href":"https:\/\/staging.ivg.it\/ediapi\/wp\/v2\/types\/post"}],"author":[{"embeddable":true,"href":"https:\/\/staging.ivg.it\/ediapi\/wp\/v2\/users\/13744"}],"replies":[{"embeddable":true,"href":"https:\/\/staging.ivg.it\/ediapi\/wp\/v2\/comments?post=121099"}],"version-history":[{"count":0,"href":"https:\/\/staging.ivg.it\/ediapi\/wp\/v2\/posts\/121099\/revisions"}],"wp:attachment":[{"href":"https:\/\/staging.ivg.it\/ediapi\/wp\/v2\/media?parent=121099"}],"wp:term":[{"taxonomy":"category","embeddable":true,"href":"https:\/\/staging.ivg.it\/ediapi\/wp\/v2\/categories?post=121099"},{"taxonomy":"post_tag","embeddable":true,"href":"https:\/\/staging.ivg.it\/ediapi\/wp\/v2\/tags?post=121099"}],"curies":[{"name":"wp","href":"https:\/\/api.w.org\/{rel}","templated":true}]}}