{"id":120674,"date":"2010-11-28T15:12:05","date_gmt":"2010-11-28T14:12:05","guid":{"rendered":"http:\/\/www.ivg.it\/?p=120674"},"modified":"2010-11-28T15:12:05","modified_gmt":"2010-11-28T14:12:05","slug":"alassio-inaugurata-la-mostra-%e2%80%9calias%e2%80%9d-di-giorgio-faletti","status":"publish","type":"post","link":"https:\/\/staging.ivg.it\/2010\/11\/alassio-inaugurata-la-mostra-%e2%80%9calias%e2%80%9d-di-giorgio-faletti\/","title":{"rendered":"Alassio: inaugurata la mostra \u201cAlias\u201d di Giorgio Faletti"},"content":{"rendered":"<p><strong>Alassio.<\/strong> E&#8217; stata inaugurata ad Alassio la mostra personale di Giorgio Faletti: &#8220;Alias&#8221;. La mostra, promossa dall&#8217;Assessorato al Turismo e alla Cultura del Comune di Alassio e curata da Nicola Davide Angerame, presenta una selezione di circa 30 opere di medie e grandi dimensioni dell&#8217;artista astigiano.<\/p>\n<p>Giorgio Faletti, nato ad Asti, vive e lavora tra la sua citt\u00e0, New York e l&#8217;isola d&#8217;Elba. Molto conosciuto per il suo passato di uomo di spettacolo, Faletti \u00e8 attore, autore, musicista, interprete straordinario. Approdando alla letteratura ha superato i successi gi\u00e0 conseguiti nelle sue vite precedenti, ma sempre parallele. Ora per lui un nuovo campo d\u00b4azione, nato, come accade spesso, per caso: la pittura, seducente musa per antonomasia, terra di raffronto plurisecolare e fascinazione.<\/p>\n","protected":false},"excerpt":{"rendered":"<p>Alassio. E&#8217; stata inaugurata ad Alassio la mostra personale di Giorgio Faletti: &#8220;Alias&#8221;. La mostra, promossa dall&#8217;Assessorato al Turismo e alla Cultura del Comune di Alassio e curata da Nicola Davide Angerame, presenta una selezione di circa 30 opere di medie e grandi dimensioni dell&#8217;artista astigiano. Giorgio Faletti, nato ad Asti, vive e lavora tra [&hellip;]<\/p>\n","protected":false},"author":13744,"featured_media":0,"comment_status":"open","ping_status":"closed","sticky":false,"template":"","format":"standard","meta":{"footnotes":""},"categories":[],"tags":[85824,390,28878,389],"class_list":["post-120674","post","type-post","status-publish","format-standard","hentry","tag-alassio","tag-arte","tag-giorgio-faletti","tag-mostre-darte","post_cat_citta-alassio"],"amp_validity":null,"amp_enabled":true,"_links":{"self":[{"href":"https:\/\/staging.ivg.it\/ediapi\/wp\/v2\/posts\/120674","targetHints":{"allow":["GET"]}}],"collection":[{"href":"https:\/\/staging.ivg.it\/ediapi\/wp\/v2\/posts"}],"about":[{"href":"https:\/\/staging.ivg.it\/ediapi\/wp\/v2\/types\/post"}],"author":[{"embeddable":true,"href":"https:\/\/staging.ivg.it\/ediapi\/wp\/v2\/users\/13744"}],"replies":[{"embeddable":true,"href":"https:\/\/staging.ivg.it\/ediapi\/wp\/v2\/comments?post=120674"}],"version-history":[{"count":0,"href":"https:\/\/staging.ivg.it\/ediapi\/wp\/v2\/posts\/120674\/revisions"}],"wp:attachment":[{"href":"https:\/\/staging.ivg.it\/ediapi\/wp\/v2\/media?parent=120674"}],"wp:term":[{"taxonomy":"category","embeddable":true,"href":"https:\/\/staging.ivg.it\/ediapi\/wp\/v2\/categories?post=120674"},{"taxonomy":"post_tag","embeddable":true,"href":"https:\/\/staging.ivg.it\/ediapi\/wp\/v2\/tags?post=120674"}],"curies":[{"name":"wp","href":"https:\/\/api.w.org\/{rel}","templated":true}]}}