{"id":120332,"date":"2010-11-26T15:45:00","date_gmt":"2010-11-26T14:45:00","guid":{"rendered":"http:\/\/www.ivg.it\/?p=120332"},"modified":"2010-11-26T17:28:12","modified_gmt":"2010-11-26T16:28:12","slug":"la-procura-va-avanti-sullinchiesta-delle-spiagge-alassine-oggi-altro-interrogatorio","status":"publish","type":"post","link":"https:\/\/staging.ivg.it\/2010\/11\/la-procura-va-avanti-sullinchiesta-delle-spiagge-alassine-oggi-altro-interrogatorio\/","title":{"rendered":"La Procura va avanti sull\u2019inchiesta delle spiagge alassine: oggi altro interrogatorio"},"content":{"rendered":"<p><strong>Savona<\/strong>. Continua davvero a ritmo serrato l&#8217;inchiesta della Procura di Savona sulle spiagge alassine. Dopo gli interrogatori di mercoled\u00ec infatti, questo pomeriggio, nell&#8217;ufficio del sostituto procuratore Maria Chiara Paolucci \u00e8 arrivato un altro degli indagati nella vicenda relativa alla gestione delle spiagge comunali di Alassio, Fabio Valenza, che faceva parte della societ\u00e0 Gescomare.<\/p>\n<p>L&#8217;audizione nell&#8217;ufficio del pm \u00e8 iniziata alle 15 ed \u00e8 tuttora in corso. Valenza, attualmente, non \u00e8 coinvolto nell&#8217;attivit\u00e0 della Sbm (la societ\u00e0 che adesso si occupa della gestione delle spiagge) visto che, quando la gestione delle spiagge pass\u00f2 a questa nuova societ\u00e0 lui non entr\u00f2 a farne parte. <\/p>\n<p>Dal sesto piano di Palazzo di Giustizia comunque non trapela nulla: gli inquirenti hanno le bocche cucite e mantengono il pi\u00f9 stretto riserbo sull&#8217;andamento dell&#8217;indagine.  L&#8217;unica conferma che arriva dagli uffici della Procura \u00e8 che verr\u00e0 presentato un memoriale al Tribunale del Riesame di Genova. L&#8217;ufficio genovese deve infatti pronunciarsi in merito alla nuova istanza di dissequestro dei beni &#8220;congelati&#8221; dal gip savonese alle societ\u00e0 di gestione delle spiagge della citt\u00e0 del Muretto. <\/p>\n","protected":false},"excerpt":{"rendered":"<p>Savona. Continua davvero a ritmo serrato l&#8217;inchiesta della Procura di Savona sulle spiagge alassine. Dopo gli interrogatori di mercoled\u00ec infatti, questo pomeriggio, nell&#8217;ufficio del sostituto procuratore Maria Chiara Paolucci \u00e8 arrivato un altro degli indagati nella vicenda relativa alla gestione delle spiagge comunali di Alassio, Fabio Valenza, che faceva parte della societ\u00e0 Gescomare. L&#8217;audizione nell&#8217;ufficio [&hellip;]<\/p>\n","protected":false},"author":2394,"featured_media":0,"comment_status":"open","ping_status":"closed","sticky":false,"template":"","format":"standard","meta":{"footnotes":""},"categories":[34],"tags":[3498,85824,13404,631,29175,3563,6002,29053,25936,3857,26681,3358,5380,5768,29054],"class_list":["post-120332","post","type-post","status-publish","format-standard","hentry","category-cronaca","tag-acquedotto","tag-alassio","tag-calo","tag-corrado-barbero","tag-fabio-valenza","tag-francantonio-granero","tag-gesco-mare","tag-inchiesta-sca","tag-inchiesta-spiagge","tag-interrogatorio","tag-memoriale","tag-procura","tag-roberto-socco","tag-sca","tag-spiagge-libere-comunali","post_cat_citta-alassio","post_cat_citta-savona"],"amp_validity":null,"amp_enabled":true,"_links":{"self":[{"href":"https:\/\/staging.ivg.it\/ediapi\/wp\/v2\/posts\/120332","targetHints":{"allow":["GET"]}}],"collection":[{"href":"https:\/\/staging.ivg.it\/ediapi\/wp\/v2\/posts"}],"about":[{"href":"https:\/\/staging.ivg.it\/ediapi\/wp\/v2\/types\/post"}],"author":[{"embeddable":true,"href":"https:\/\/staging.ivg.it\/ediapi\/wp\/v2\/users\/2394"}],"replies":[{"embeddable":true,"href":"https:\/\/staging.ivg.it\/ediapi\/wp\/v2\/comments?post=120332"}],"version-history":[{"count":0,"href":"https:\/\/staging.ivg.it\/ediapi\/wp\/v2\/posts\/120332\/revisions"}],"wp:attachment":[{"href":"https:\/\/staging.ivg.it\/ediapi\/wp\/v2\/media?parent=120332"}],"wp:term":[{"taxonomy":"category","embeddable":true,"href":"https:\/\/staging.ivg.it\/ediapi\/wp\/v2\/categories?post=120332"},{"taxonomy":"post_tag","embeddable":true,"href":"https:\/\/staging.ivg.it\/ediapi\/wp\/v2\/tags?post=120332"}],"curies":[{"name":"wp","href":"https:\/\/api.w.org\/{rel}","templated":true}]}}