{"id":120019,"date":"2010-11-25T14:40:38","date_gmt":"2010-11-25T13:40:38","guid":{"rendered":"http:\/\/www.ivg.it\/?p=120019"},"modified":"2010-11-25T14:40:38","modified_gmt":"2010-11-25T13:40:38","slug":"autostrada-dei-fiori-ecco-i-cantieri-della-settimana-prossima","status":"publish","type":"post","link":"https:\/\/staging.ivg.it\/2010\/11\/autostrada-dei-fiori-ecco-i-cantieri-della-settimana-prossima\/","title":{"rendered":"Autostrada dei Fiori: ecco i cantieri della settimana prossima"},"content":{"rendered":"<p><strong>Liguria.<\/strong> Eco i cantieri che, in situazioni particolari, potrebbero creare rallentamenti al traffico sulla tratta di autostrada Savona\/Confine di Stato\u00a0da luned\u00ec 29 novembre a venerd\u00ec 3 dicembre.<\/p>\n<p>Direzione Francia (carreggiata Nord) tra Savona e Spotorno &#8211; dal km. 45,3 al km. 47,1 &#8211; riduzione della carreggiata da 2 a 1 corsia per installazione sistema amovibile apertura by-pass. (da mercoled\u00ec 1 a venerd\u00ec 3); tra Spotorno e Feglino &#8211; dal km. 52,9 al km. 54,1 &#8211; scambio di carreggiata per rifacimento pavimentazione drenante\/fono-assorbente. (da luned\u00ec 29 a venerd\u00ec 3); tra Ventimiglia e Mentone &#8211; dal km. 155,0 al km. 157,0 &#8211; riduzione della carreggiata da 2 a 1 corsia per adeguamento barriere di sicurezza. (da luned\u00ec 29 a gioved\u00ec 2)<\/p>\n<p>Direzione Italia (carreggiata Sud) tra Feglino e Spotorno: dal km. 58,9 al km. 58,4 &#8211; riduzione della carreggiata da 2 a 1 corsia per manutenzione reti di protezione Viadotto Aquila. (da marted\u00ec 30 a gioved\u00ec 2); dal km. 54,1 al km. 52,9 &#8211; carreggiata a doppio senso causa lavori sulla carreggiata opposta. (da luned\u00ec 22 a venerd\u00ec 3). Tra Spotorno e Savona &#8211; dal km. 47,2 al km. 46,7 &#8211; riduzione della carreggiata da 2 a 1 corsia per installazione sistema amovibile apertura by-pass. (da mercoled\u00ec 1 a venerd\u00ec 3)<\/p>\n","protected":false},"excerpt":{"rendered":"<p>Liguria. Eco i cantieri che, in situazioni particolari, potrebbero creare rallentamenti al traffico sulla tratta di autostrada Savona\/Confine di Stato\u00a0da luned\u00ec 29 novembre a venerd\u00ec 3 dicembre. Direzione Francia (carreggiata Nord) tra Savona e Spotorno &#8211; dal km. 45,3 al km. 47,1 &#8211; riduzione della carreggiata da 2 a 1 corsia per installazione sistema amovibile [&hellip;]<\/p>\n","protected":false},"author":13744,"featured_media":0,"comment_status":"open","ping_status":"closed","sticky":false,"template":"","format":"standard","meta":{"footnotes":""},"categories":[],"tags":[3628,1606,85850,85863,592],"class_list":["post-120019","post","type-post","status-publish","format-standard","hentry","tag-autostrada-dei-fiori","tag-cantieri","tag-savona","tag-spotorno","tag-traffico","post_cat_citta-andora"],"amp_validity":null,"amp_enabled":true,"_links":{"self":[{"href":"https:\/\/staging.ivg.it\/ediapi\/wp\/v2\/posts\/120019","targetHints":{"allow":["GET"]}}],"collection":[{"href":"https:\/\/staging.ivg.it\/ediapi\/wp\/v2\/posts"}],"about":[{"href":"https:\/\/staging.ivg.it\/ediapi\/wp\/v2\/types\/post"}],"author":[{"embeddable":true,"href":"https:\/\/staging.ivg.it\/ediapi\/wp\/v2\/users\/13744"}],"replies":[{"embeddable":true,"href":"https:\/\/staging.ivg.it\/ediapi\/wp\/v2\/comments?post=120019"}],"version-history":[{"count":0,"href":"https:\/\/staging.ivg.it\/ediapi\/wp\/v2\/posts\/120019\/revisions"}],"wp:attachment":[{"href":"https:\/\/staging.ivg.it\/ediapi\/wp\/v2\/media?parent=120019"}],"wp:term":[{"taxonomy":"category","embeddable":true,"href":"https:\/\/staging.ivg.it\/ediapi\/wp\/v2\/categories?post=120019"},{"taxonomy":"post_tag","embeddable":true,"href":"https:\/\/staging.ivg.it\/ediapi\/wp\/v2\/tags?post=120019"}],"curies":[{"name":"wp","href":"https:\/\/api.w.org\/{rel}","templated":true}]}}