{"id":119922,"date":"2010-11-25T10:24:13","date_gmt":"2010-11-25T09:24:13","guid":{"rendered":"http:\/\/www.ivg.it\/?p=119922"},"modified":"2010-11-25T14:05:11","modified_gmt":"2010-11-25T13:05:11","slug":"tomaso-di-nuovo-un-nulla-di-fatto-sfilata-dei-testimoni-rimandata-a-sabato","status":"publish","type":"post","link":"https:\/\/staging.ivg.it\/2010\/11\/tomaso-di-nuovo-un-nulla-di-fatto-sfilata-dei-testimoni-rimandata-a-sabato\/","title":{"rendered":"Tomaso, di nuovo un \u201cnulla di fatto\u201d: sfilata dei testimoni rimandata a sabato"},"content":{"rendered":"<p><strong>India<\/strong>. Da marted\u00ec a mercoled\u00ec e da mercoled\u00ec a sabato: slittano di continuo, a Varanasi, le udienze nell&#8217;ambito del processo per omicidio a carico dell&#8217;albenganese Tomaso Bruno e della giovane torinese Elisabetta Boncompagni, accusati di aver ucciso, nel corso di un viaggio in India, il loro amico Francesco Montis.<\/p>\n<p>Ieri, il padre di Tomaso ha scritto una lettera agli avvocati del figlio, chiedendo spiegazioni sul perch\u00e8 l&#8217;ordinanza della Corte Suprema che vieta il rinvio dei dibattimenti non venga rispettata e per avere rassicurazioni circa la possibilit\u00e0 di veder sfilare tutti i testimoni della difesa entro il 27 gennaio, termine entro il quale il processo dovrebbe concludersi. La paura \u00e8 che questo continuo &#8220;slittare&#8221; delle udienze conduca il processo a fine gennaio senza che la difesa abbia avuto la possibilit\u00e0 di mostrare le sue prove e ascoltare i suoi teste.<\/p>\n<p>&#8220;Gli avvocati mi hanno per\u00f2 assicurato che si prenderanno tutto il tempo necessario per espletare il diritto alla difesa, il che potrebbe significare anche che il processo si protragga pi\u00f9 a lungo &#8211; dice Luigi Euro Bruno -.Oggi il teste che avrebbe dovuto deporre era ancora ammalato per cui il tutto \u00e8 rimandato a sabato. Onde evitare nuove sorprese, il giudice ha comunque convocato per sabato anche altri testimoni, in particolare i poliziotti che han fatto i rilievi nell&#8217;albergo dove mio figlio alloggiava insieme ai suoi amici&#8221;.<\/p>\n","protected":false},"excerpt":{"rendered":"<p>India. Da marted\u00ec a mercoled\u00ec e da mercoled\u00ec a sabato: slittano di continuo, a Varanasi, le udienze nell&#8217;ambito del processo per omicidio a carico dell&#8217;albenganese Tomaso Bruno e della giovane torinese Elisabetta Boncompagni, accusati di aver ucciso, nel corso di un viaggio in India, il loro amico Francesco Montis. Ieri, il padre di Tomaso ha [&hellip;]<\/p>\n","protected":false},"author":2620,"featured_media":0,"comment_status":"open","ping_status":"closed","sticky":false,"template":"","format":"standard","meta":{"footnotes":""},"categories":[34],"tags":[21323,21264,2371,924,1981,21234,14404,21324],"class_list":["post-119922","post","type-post","status-publish","format-standard","hentry","category-cronaca","tag-elisabetta-boncompagni","tag-francesco-montis","tag-india","tag-omicidio","tag-processo","tag-tomaso-bruno","tag-udienza","tag-varanasi","post_cat_citta-albenga"],"amp_validity":null,"amp_enabled":true,"_links":{"self":[{"href":"https:\/\/staging.ivg.it\/ediapi\/wp\/v2\/posts\/119922","targetHints":{"allow":["GET"]}}],"collection":[{"href":"https:\/\/staging.ivg.it\/ediapi\/wp\/v2\/posts"}],"about":[{"href":"https:\/\/staging.ivg.it\/ediapi\/wp\/v2\/types\/post"}],"author":[{"embeddable":true,"href":"https:\/\/staging.ivg.it\/ediapi\/wp\/v2\/users\/2620"}],"replies":[{"embeddable":true,"href":"https:\/\/staging.ivg.it\/ediapi\/wp\/v2\/comments?post=119922"}],"version-history":[{"count":0,"href":"https:\/\/staging.ivg.it\/ediapi\/wp\/v2\/posts\/119922\/revisions"}],"wp:attachment":[{"href":"https:\/\/staging.ivg.it\/ediapi\/wp\/v2\/media?parent=119922"}],"wp:term":[{"taxonomy":"category","embeddable":true,"href":"https:\/\/staging.ivg.it\/ediapi\/wp\/v2\/categories?post=119922"},{"taxonomy":"post_tag","embeddable":true,"href":"https:\/\/staging.ivg.it\/ediapi\/wp\/v2\/tags?post=119922"}],"curies":[{"name":"wp","href":"https:\/\/api.w.org\/{rel}","templated":true}]}}