{"id":119785,"date":"2010-11-24T15:38:55","date_gmt":"2010-11-24T14:38:55","guid":{"rendered":"http:\/\/www.ivg.it\/?p=119785"},"modified":"2010-11-25T09:31:03","modified_gmt":"2010-11-25T08:31:03","slug":"inchiesta-spiagge-alassio-8-persone-ascoltate-in-procura-calo-non-risponde","status":"publish","type":"post","link":"https:\/\/staging.ivg.it\/2010\/11\/inchiesta-spiagge-alassio-8-persone-ascoltate-in-procura-calo-non-risponde\/","title":{"rendered":"Inchiesta spiagge Alassio, 8 persone ascoltate in Procura: Cal\u00f2 non risponde"},"content":{"rendered":"<p><strong>Savona<\/strong>. Sono iniziati intorno alle 9 per proseguire, quasi senza sosta, fino alle 14,30. Tanto sono durati, in Procura, gli interrogatori di alcuni dei protagonisti dell&#8217;inchiesta relativa alla gestione delle spiagge comunali di Alassio. Le persone che hanno sfilato questa mattina davanti al Procuratore capo Francantonio Granero e al sostituto Maria Chiara Paolucci sono state otto, tra cui anche l&#8217;assessore alassino Fabrizio Cal\u00f2. Gli indagati sono stati sentiti, oltre che dai due magistrati, anche dagli uomini della Polizia Giudiziaria. Sul contenuto delle audizioni viene ovviamente mantenuto il pi\u00f9 stretto riserbo. <\/p>\n<p>L&#8217;unica certezza \u00e8 che non tutti i presenti al sesto piano di Palazzo di Giustizia hanno risposto alle domande degli inquirenti, qualcuno infatti ha scelto di avvalersi della facolt\u00e0 di non rispondere. Una decisione presa anche dall&#8217;assessore Cal\u00f2 che per\u00f2, oggi, non era accompagnato dal suo legale di fiducia (impegnato in un processo in un altro tribunale), ma da un sostituto. La scelta dell&#8217;amministratore alassino potrebbe quindi essere stata dettata dall&#8217;assenza del suo avvocato, pi\u00f9 che da una volont\u00e0 di non voler rispondere alle domande dei magistrati. <\/p>\n<p>Insieme all&#8217;assessore, in Procura, dovrebbero essere stati sentiti anche alcuni dipendenti delle societ\u00e0 che si occupavano della gestione delle spiagge di Alassio, oltre ad alcuni dirigenti delle stesse. Ufficialmente la Procura non ha per\u00f2 voluto rendere noto nessun nome delle persone sentite. Ora, sulla base delle dichiarazioni rese oggi nei loro uffici, il Procuratore e il sostituto Paolucci avranno probabilmente la possibilit\u00e0 di fare ulteriore chiarezza sulle concessioni rilasciate per la gestione delle spiagge libere attrezzate, oltre che sul presunto volume d&#8217;affari non dichiarato generato dalle tariffe applicate.<\/p>\n","protected":false},"excerpt":{"rendered":"<p>Savona. Sono iniziati intorno alle 9 per proseguire, quasi senza sosta, fino alle 14,30. Tanto sono durati, in Procura, gli interrogatori di alcuni dei protagonisti dell&#8217;inchiesta relativa alla gestione delle spiagge comunali di Alassio. Le persone che hanno sfilato questa mattina davanti al Procuratore capo Francantonio Granero e al sostituto Maria Chiara Paolucci sono state [&hellip;]<\/p>\n","protected":false},"author":2394,"featured_media":0,"comment_status":"open","ping_status":"closed","sticky":false,"template":"","format":"standard","meta":{"footnotes":""},"categories":[34],"tags":[3498,85824,13404,631,3563,6002,29053,25936,3857,26681,3358,5380,5768,29054],"class_list":["post-119785","post","type-post","status-publish","format-standard","hentry","category-cronaca","tag-acquedotto","tag-alassio","tag-calo","tag-corrado-barbero","tag-francantonio-granero","tag-gesco-mare","tag-inchiesta-sca","tag-inchiesta-spiagge","tag-interrogatorio","tag-memoriale","tag-procura","tag-roberto-socco","tag-sca","tag-spiagge-libere-comunali","post_cat_citta-alassio","post_cat_citta-savona"],"amp_validity":null,"amp_enabled":true,"_links":{"self":[{"href":"https:\/\/staging.ivg.it\/ediapi\/wp\/v2\/posts\/119785","targetHints":{"allow":["GET"]}}],"collection":[{"href":"https:\/\/staging.ivg.it\/ediapi\/wp\/v2\/posts"}],"about":[{"href":"https:\/\/staging.ivg.it\/ediapi\/wp\/v2\/types\/post"}],"author":[{"embeddable":true,"href":"https:\/\/staging.ivg.it\/ediapi\/wp\/v2\/users\/2394"}],"replies":[{"embeddable":true,"href":"https:\/\/staging.ivg.it\/ediapi\/wp\/v2\/comments?post=119785"}],"version-history":[{"count":0,"href":"https:\/\/staging.ivg.it\/ediapi\/wp\/v2\/posts\/119785\/revisions"}],"wp:attachment":[{"href":"https:\/\/staging.ivg.it\/ediapi\/wp\/v2\/media?parent=119785"}],"wp:term":[{"taxonomy":"category","embeddable":true,"href":"https:\/\/staging.ivg.it\/ediapi\/wp\/v2\/categories?post=119785"},{"taxonomy":"post_tag","embeddable":true,"href":"https:\/\/staging.ivg.it\/ediapi\/wp\/v2\/tags?post=119785"}],"curies":[{"name":"wp","href":"https:\/\/api.w.org\/{rel}","templated":true}]}}