{"id":119700,"date":"2010-11-24T13:18:02","date_gmt":"2010-11-24T12:18:02","guid":{"rendered":"http:\/\/www.ivg.it\/?p=119700"},"modified":"2010-11-24T16:54:11","modified_gmt":"2010-11-24T15:54:11","slug":"savona-saldi-invernali-al-via-il-6-gennaio","status":"publish","type":"post","link":"https:\/\/staging.ivg.it\/2010\/11\/savona-saldi-invernali-al-via-il-6-gennaio\/","title":{"rendered":"Savona, saldi invernali al via il 6 gennaio"},"content":{"rendered":"<p><strong>Savona.<\/strong> La Befana porta via tutte le feste ma non solo. Quest&#8217;anno nella calza dei liguri arriveranno i saldi. La Regione Liguria ha definito la date di inizio saldi per il 2011: i negozi applicheranno i ribassi stagionali a partire da gioved\u00ec 6 gennaio per quanto riguarda la stagione invernale, mentre \u00e8 fissato per venerd\u00ec 8 luglio l&#8217;inizio saldi estivo.<\/p>\n<p>Come da legge regionale in materia di commercio, la durata massima prevista \u00e8 di 45 giorni e almeno 3 giorni prima dell&#8217;inizio le attivit\u00e0 interessate dovranno esporre un cartello ben visibile che annuncia l&#8217;effettuazione dei saldi. Ancora non disponibili le date fissate nelle Regioni limitrofe, ma resta la polemica sulla necessit\u00e0 di stabilire un calendario unico nazionale per i saldi di fine stagione.<\/p>\n","protected":false},"excerpt":{"rendered":"<p>Savona. La Befana porta via tutte le feste ma non solo. Quest&#8217;anno nella calza dei liguri arriveranno i saldi. La Regione Liguria ha definito la date di inizio saldi per il 2011: i negozi applicheranno i ribassi stagionali a partire da gioved\u00ec 6 gennaio per quanto riguarda la stagione invernale, mentre \u00e8 fissato per venerd\u00ec [&hellip;]<\/p>\n","protected":false},"author":13744,"featured_media":0,"comment_status":"open","ping_status":"closed","sticky":false,"template":"","format":"standard","meta":{"footnotes":""},"categories":[35],"tags":[1072,3763,6107],"class_list":["post-119700","post","type-post","status-publish","format-standard","hentry","category-economia","tag-commercio","tag-saldi","tag-vendita","post_cat_citta-savona"],"amp_validity":null,"amp_enabled":true,"_links":{"self":[{"href":"https:\/\/staging.ivg.it\/ediapi\/wp\/v2\/posts\/119700","targetHints":{"allow":["GET"]}}],"collection":[{"href":"https:\/\/staging.ivg.it\/ediapi\/wp\/v2\/posts"}],"about":[{"href":"https:\/\/staging.ivg.it\/ediapi\/wp\/v2\/types\/post"}],"author":[{"embeddable":true,"href":"https:\/\/staging.ivg.it\/ediapi\/wp\/v2\/users\/13744"}],"replies":[{"embeddable":true,"href":"https:\/\/staging.ivg.it\/ediapi\/wp\/v2\/comments?post=119700"}],"version-history":[{"count":0,"href":"https:\/\/staging.ivg.it\/ediapi\/wp\/v2\/posts\/119700\/revisions"}],"wp:attachment":[{"href":"https:\/\/staging.ivg.it\/ediapi\/wp\/v2\/media?parent=119700"}],"wp:term":[{"taxonomy":"category","embeddable":true,"href":"https:\/\/staging.ivg.it\/ediapi\/wp\/v2\/categories?post=119700"},{"taxonomy":"post_tag","embeddable":true,"href":"https:\/\/staging.ivg.it\/ediapi\/wp\/v2\/tags?post=119700"}],"curies":[{"name":"wp","href":"https:\/\/api.w.org\/{rel}","templated":true}]}}