{"id":119630,"date":"2010-11-24T10:18:34","date_gmt":"2010-11-24T09:18:34","guid":{"rendered":"http:\/\/www.ivg.it\/?p=119630"},"modified":"2010-11-24T10:18:34","modified_gmt":"2010-11-24T09:18:34","slug":"come-liberarsi-della-violenza-sulle-donne-se-ne-discute-alla-ubik-di-savona","status":"publish","type":"post","link":"https:\/\/staging.ivg.it\/2010\/11\/come-liberarsi-della-violenza-sulle-donne-se-ne-discute-alla-ubik-di-savona\/","title":{"rendered":"Come liberarsi della &#8220;violenza sulle donne&#8221;: se ne discute alla Ubik di Savona"},"content":{"rendered":"<p><strong>Savona<\/strong>. Domani, alle 17, in occasione della giornata contro la violenza sulle donne proclamata dall&#8217;Onu, alla libreria Ubik di Savona si terr\u00e0 un incontro dal titolo &#8220;Violenza sulle donne: come liberarsene? Ne parliamo insieme&#8221;. L&#8217;evento, a cura dell&#8217;Udi Savona, sar\u00e0 coordinato dalla psicologa Patrizia Pezzolo. &#8220;L&#8217;Unione Donne in Italia denuncia ormai da anni il &#8216;femminicidio&#8217;, sa che esso \u00e8 trasversale alle culture, e se ha un&#8217;impronta cos\u00ec prettamente &#8216;culturale&#8217; (come nel caso di Hiina Saana o Begm), \u00e8 da imputarsi non a questa o quella religione, ma ad una &#8216;tradizione&#8217; in generale primitiva e violenta contro il genere femminile&#8221; spiegano gli ideatori dell&#8217;iniziativa.<\/p>\n<p>&#8220;Pensiamo dunque che si debbano moltiplicare gli sforzi per favorire l&#8217;integrazione sociale di comunit\u00e0 eventualmente chiuse ed isolate, per consentire passaggi generazionali e culturali meno traumatici. Bisogna guardare bene in faccia alla realt\u00e0: le statistiche riportano che in media 120 donne all&#8217;anno muoiono per femminicidio in Italia. Bisogna dunque porsi interrogativi che rinuncino alle strumentalizzazioni e cerchino di capire perch\u00e8 tante donne, ogni giorno, finiscano picchiate, ferite ed ammazzate dagli uomini anche nelle nostre case e famiglie&#8221; aggiungono dall&#8217;Udi.<\/p>\n<p>&#8220;L&#8217;UDI dedica i suoi sforzi per eliminare la violenza di genere dalla vita di giovani donne e giovani uomini; per questo andiamo nelle scuole, per questo chiediamo a tutti uno sguardo e una riflessione profonda su quanto succede&#8230;&#8221; concludono gli organizzatori dell&#8217;incontro.<\/p>\n","protected":false},"excerpt":{"rendered":"<p>Savona. Domani, alle 17, in occasione della giornata contro la violenza sulle donne proclamata dall&#8217;Onu, alla libreria Ubik di Savona si terr\u00e0 un incontro dal titolo &#8220;Violenza sulle donne: come liberarsene? Ne parliamo insieme&#8221;. L&#8217;evento, a cura dell&#8217;Udi Savona, sar\u00e0 coordinato dalla psicologa Patrizia Pezzolo. &#8220;L&#8217;Unione Donne in Italia denuncia ormai da anni il &#8216;femminicidio&#8217;, [&hellip;]<\/p>\n","protected":false},"author":2394,"featured_media":0,"comment_status":"open","ping_status":"closed","sticky":false,"template":"","format":"standard","meta":{"footnotes":""},"categories":[56],"tags":[2860,15286,86022,18239],"class_list":["post-119630","post","type-post","status-publish","format-standard","hentry","category-altre","tag-incontro","tag-psicologa","tag-ubik","tag-violenza-donne","post_cat_citta-savona"],"amp_validity":null,"amp_enabled":true,"_links":{"self":[{"href":"https:\/\/staging.ivg.it\/ediapi\/wp\/v2\/posts\/119630","targetHints":{"allow":["GET"]}}],"collection":[{"href":"https:\/\/staging.ivg.it\/ediapi\/wp\/v2\/posts"}],"about":[{"href":"https:\/\/staging.ivg.it\/ediapi\/wp\/v2\/types\/post"}],"author":[{"embeddable":true,"href":"https:\/\/staging.ivg.it\/ediapi\/wp\/v2\/users\/2394"}],"replies":[{"embeddable":true,"href":"https:\/\/staging.ivg.it\/ediapi\/wp\/v2\/comments?post=119630"}],"version-history":[{"count":0,"href":"https:\/\/staging.ivg.it\/ediapi\/wp\/v2\/posts\/119630\/revisions"}],"wp:attachment":[{"href":"https:\/\/staging.ivg.it\/ediapi\/wp\/v2\/media?parent=119630"}],"wp:term":[{"taxonomy":"category","embeddable":true,"href":"https:\/\/staging.ivg.it\/ediapi\/wp\/v2\/categories?post=119630"},{"taxonomy":"post_tag","embeddable":true,"href":"https:\/\/staging.ivg.it\/ediapi\/wp\/v2\/tags?post=119630"}],"curies":[{"name":"wp","href":"https:\/\/api.w.org\/{rel}","templated":true}]}}