{"id":118361,"date":"2010-11-18T14:12:06","date_gmt":"2010-11-18T13:12:06","guid":{"rendered":"http:\/\/www.ivg.it\/?p=118361"},"modified":"2010-11-18T14:12:06","modified_gmt":"2010-11-18T13:12:06","slug":"la-citta-di-cairo-partecipa-alla-giornata-nazionale-dell%e2%80%99albero-2010","status":"publish","type":"post","link":"https:\/\/staging.ivg.it\/2010\/11\/la-citta-di-cairo-partecipa-alla-giornata-nazionale-dell%e2%80%99albero-2010\/","title":{"rendered":"La citt\u00e0 di Cairo partecipa alla Giornata Nazionale dell\u2019Albero 2010"},"content":{"rendered":"<p><strong>Cairo<\/strong>. La Citt\u00e0 di Cairo Montenotte partecipa all&#8217;annuale Giornata Nazionale dell\u2019Albero 2010 accogliendo l&#8217;invito, del Ministero dell\u2019Ambiente ai Comuni, in collaborazione con le Regioni, l\u2019Anci, l\u2019Uncem e il Corpo Forestale dello Stato, e d\u2019intesa con il Ministero dell\u2019Istruzione e il Ministero delle Politiche agricole.<\/p>\n<p>La Giornata \u00e8 collegata al nuovo disegno di legge \u201cNorme per lo sviluppo degli spazi verdi urbani\u201d e\u00a0 persegue gli obiettivi della valorizzazione dell\u2019ambiente e del patrimonio arboreo e boschivo, nell&#8217;ottica dell&#8217;attuazione del protocollo di Kyoto e delle politiche di riduzione delle emissioni di CO2, nonch\u00e9 della prevenzione del dissesto idrogeologico e il miglioramento della qualit\u00e0 dell\u2019aria.<\/p>\n<p>Gli alunni della locale scuola elementare, venerd\u00ec 19 novembre, saranno parte attiva nella piantumazione di alcuni degli alberi che renderanno pi\u00f9 gradevole e vivibile l&#8217;area antistante il cimitero urbano, non lontano dalla scuola stessa. L&#8217;attivit\u00e0 rientra idealmente nell&#8217;ambito dei progetti con la scuola realizzati con il supporto del CEA \u2013 Centro di educazione ambientale di Cairo con le scuole presenti sul territorio.<\/p>\n<p>Il prossimo appuntamento dedicato agli alberi sar\u00e0 nella primavera del 2011 e, sempre in collaborazione con il CEA, saranno direttamente coinvolte le scuole del Distretto Scolastico di Cairo in una pi\u00f9 ampia attivit\u00e0 educativa e ambientale.<\/p>\n","protected":false},"excerpt":{"rendered":"<p>Cairo. La Citt\u00e0 di Cairo Montenotte partecipa all&#8217;annuale Giornata Nazionale dell\u2019Albero 2010 accogliendo l&#8217;invito, del Ministero dell\u2019Ambiente ai Comuni, in collaborazione con le Regioni, l\u2019Anci, l\u2019Uncem e il Corpo Forestale dello Stato, e d\u2019intesa con il Ministero dell\u2019Istruzione e il Ministero delle Politiche agricole. La Giornata \u00e8 collegata al nuovo disegno di legge \u201cNorme per [&hellip;]<\/p>\n","protected":false},"author":13744,"featured_media":0,"comment_status":"open","ping_status":"closed","sticky":false,"template":"","format":"standard","meta":{"footnotes":""},"categories":[],"tags":[1567,151,199],"class_list":["post-118361","post","type-post","status-publish","format-standard","hentry","tag-anci","tag-cairo","tag-scuola","post_cat_citta-cairo-montenotte"],"amp_validity":null,"amp_enabled":true,"_links":{"self":[{"href":"https:\/\/staging.ivg.it\/ediapi\/wp\/v2\/posts\/118361","targetHints":{"allow":["GET"]}}],"collection":[{"href":"https:\/\/staging.ivg.it\/ediapi\/wp\/v2\/posts"}],"about":[{"href":"https:\/\/staging.ivg.it\/ediapi\/wp\/v2\/types\/post"}],"author":[{"embeddable":true,"href":"https:\/\/staging.ivg.it\/ediapi\/wp\/v2\/users\/13744"}],"replies":[{"embeddable":true,"href":"https:\/\/staging.ivg.it\/ediapi\/wp\/v2\/comments?post=118361"}],"version-history":[{"count":0,"href":"https:\/\/staging.ivg.it\/ediapi\/wp\/v2\/posts\/118361\/revisions"}],"wp:attachment":[{"href":"https:\/\/staging.ivg.it\/ediapi\/wp\/v2\/media?parent=118361"}],"wp:term":[{"taxonomy":"category","embeddable":true,"href":"https:\/\/staging.ivg.it\/ediapi\/wp\/v2\/categories?post=118361"},{"taxonomy":"post_tag","embeddable":true,"href":"https:\/\/staging.ivg.it\/ediapi\/wp\/v2\/tags?post=118361"}],"curies":[{"name":"wp","href":"https:\/\/api.w.org\/{rel}","templated":true}]}}