{"id":117796,"date":"2010-11-16T11:13:41","date_gmt":"2010-11-16T10:13:41","guid":{"rendered":"http:\/\/www.ivg.it\/?p=117796"},"modified":"2010-11-16T14:12:44","modified_gmt":"2010-11-16T13:12:44","slug":"sanita-fazio-liguria-regione-piu-anziana-ma-la-coperta-e-corta","status":"publish","type":"post","link":"https:\/\/staging.ivg.it\/2010\/11\/sanita-fazio-liguria-regione-piu-anziana-ma-la-coperta-e-corta\/","title":{"rendered":"Sanit\u00e0, Fazio: \u201cLiguria regione pi\u00f9 \u2018anziana\u2019, ma la coperta \u00e8 corta\u201d"},"content":{"rendered":"<p><strong>Regione<\/strong>. Liguria e Campania agli antipodi per quanto riguarda la presenza di persone anziane sul proprio territorio, elemento che influisce particolarmente sulla sanit\u00e0 regionale. A commentare e spiegare la situazione \u00e8 il ministro della Sanit\u00e0, Ferruccio Fazio, ospite all\u2019ospedale genovese Galliera.<\/p>\n<p>\u201cIl reparto sanitario tiene gi\u00e0 conto per il 30% di quello che riguarda la correzione delle quote capitarie per l\u2019et\u00e0 \u2013 spiega il ministro della Sanit\u00e0, Ferruccio Fazio \u2013 in Italia abbiamo due regioni che sono agli antipodi: la Liguria con un tasso di anzianit\u00e0 molto elevato e la Campania con un tasso di anzianit\u00e0 veramente ridotto. Ognuna, ovviamente, tende a tirare la coperta dalla propria parte e o ci sta il mento o ci stanno i piedi\u201d.<\/p>\n","protected":false},"excerpt":{"rendered":"<p>Regione. Liguria e Campania agli antipodi per quanto riguarda la presenza di persone anziane sul proprio territorio, elemento che influisce particolarmente sulla sanit\u00e0 regionale. A commentare e spiegare la situazione \u00e8 il ministro della Sanit\u00e0, Ferruccio Fazio, ospite all\u2019ospedale genovese Galliera. \u201cIl reparto sanitario tiene gi\u00e0 conto per il 30% di quello che riguarda la [&hellip;]<\/p>\n","protected":false},"author":5,"featured_media":0,"comment_status":"open","ping_status":"closed","sticky":false,"template":"","format":"standard","meta":{"footnotes":""},"categories":[34,35,31],"tags":[3977,10538,393,111],"class_list":["post-117796","post","type-post","status-publish","format-standard","hentry","category-cronaca","category-economia","category-politica","tag-fazio","tag-ferruccio-fazio","tag-liguria","tag-sanita","post_cat_citta-andora"],"amp_validity":null,"amp_enabled":true,"_links":{"self":[{"href":"https:\/\/staging.ivg.it\/ediapi\/wp\/v2\/posts\/117796","targetHints":{"allow":["GET"]}}],"collection":[{"href":"https:\/\/staging.ivg.it\/ediapi\/wp\/v2\/posts"}],"about":[{"href":"https:\/\/staging.ivg.it\/ediapi\/wp\/v2\/types\/post"}],"author":[{"embeddable":true,"href":"https:\/\/staging.ivg.it\/ediapi\/wp\/v2\/users\/5"}],"replies":[{"embeddable":true,"href":"https:\/\/staging.ivg.it\/ediapi\/wp\/v2\/comments?post=117796"}],"version-history":[{"count":0,"href":"https:\/\/staging.ivg.it\/ediapi\/wp\/v2\/posts\/117796\/revisions"}],"wp:attachment":[{"href":"https:\/\/staging.ivg.it\/ediapi\/wp\/v2\/media?parent=117796"}],"wp:term":[{"taxonomy":"category","embeddable":true,"href":"https:\/\/staging.ivg.it\/ediapi\/wp\/v2\/categories?post=117796"},{"taxonomy":"post_tag","embeddable":true,"href":"https:\/\/staging.ivg.it\/ediapi\/wp\/v2\/tags?post=117796"}],"curies":[{"name":"wp","href":"https:\/\/api.w.org\/{rel}","templated":true}]}}