{"id":117764,"date":"2010-11-16T09:30:03","date_gmt":"2010-11-16T08:30:03","guid":{"rendered":"http:\/\/www.ivg.it\/?p=117764"},"modified":"2010-11-16T12:19:42","modified_gmt":"2010-11-16T11:19:42","slug":"enrico-nan-mille-iscritti-entro-la-fine-dellanno-e-iniziata-la-corsa-di-futuro-e-liberta","status":"publish","type":"post","link":"https:\/\/staging.ivg.it\/2010\/11\/enrico-nan-mille-iscritti-entro-la-fine-dellanno-e-iniziata-la-corsa-di-futuro-e-liberta\/","title":{"rendered":"Enrico Nan: \u201cMille iscritti entro la fine dell\u2019anno. Al via la corsa di \u2018Futuro e Libert\u00e0\u2019\u201d"},"content":{"rendered":"<p><strong>Liguria.<\/strong> Futuro e Libert\u00e0 prende sempre pi\u00f9 forma, anche in Liguria. &#8220;Abbiamo una sede ampia e funzionante, siamo ramificati sul territorio e, di giorno in giorno, stiamo aumentando il numero dei nostri iscritti&#8221;: queste, le parole entusiaste di Enrico Nan, coordinatore regionale del partito che fa capo a Gianfranco Fini.<\/p>\n<p>&#8220;Il nostro obiettivo \u00e8 di raggiungere quota 1.000 iscritti entro la fine dell&#8217;anno &#8211; porsegue Nan -. Vedendo la velocit\u00e0 con la quale arrivano le adesioni, anche online, credo che non sar\u00e0 difficile raggiungere quel risultato&#8221;.<\/p>\n<p>Futuro e Liber\u00e0 si prepara cos\u00ec ad affrontare le sfide politiche sul nostro territorio. Prime fra tutte, le elezioni comunali 2011 a Savona, dove la &#8220;confusione&#8221; nella quale versa il locale PdL potrebbe agevolare la corsa di un possibile candidato del nuovo partito che potrebbe coalizzarsi con l&#8217;Udc e con i rutelliani. A questo proposito, si \u00e8 parlato nei giorni scorsi di &#8220;contatti&#8221; fra Fli e Federico Delfino, ex papabile candidato del PdL e protagonista di un improvviso dietrofront. &#8220;Delfino \u00e8 iscritto al PdL e, all&#8217;interno del PdL, far\u00e0 i ragionamenti del caso&#8221;, conclude, in modo sibillino, Enrico Nan.<\/p>\n","protected":false},"excerpt":{"rendered":"<p>Liguria. Futuro e Libert\u00e0 prende sempre pi\u00f9 forma, anche in Liguria. &#8220;Abbiamo una sede ampia e funzionante, siamo ramificati sul territorio e, di giorno in giorno, stiamo aumentando il numero dei nostri iscritti&#8221;: queste, le parole entusiaste di Enrico Nan, coordinatore regionale del partito che fa capo a Gianfranco Fini. &#8220;Il nostro obiettivo \u00e8 di [&hellip;]<\/p>\n","protected":false},"author":2620,"featured_media":0,"comment_status":"open","ping_status":"closed","sticky":false,"template":"","format":"standard","meta":{"footnotes":""},"categories":[31],"tags":[2848,6047,26025,27654],"class_list":["post-117764","post","type-post","status-publish","format-standard","hentry","category-politica","tag-enrico-nan","tag-federico-delfino","tag-fli","tag-futuro-e-liberta","post_cat_citta-savona"],"amp_validity":null,"amp_enabled":true,"_links":{"self":[{"href":"https:\/\/staging.ivg.it\/ediapi\/wp\/v2\/posts\/117764","targetHints":{"allow":["GET"]}}],"collection":[{"href":"https:\/\/staging.ivg.it\/ediapi\/wp\/v2\/posts"}],"about":[{"href":"https:\/\/staging.ivg.it\/ediapi\/wp\/v2\/types\/post"}],"author":[{"embeddable":true,"href":"https:\/\/staging.ivg.it\/ediapi\/wp\/v2\/users\/2620"}],"replies":[{"embeddable":true,"href":"https:\/\/staging.ivg.it\/ediapi\/wp\/v2\/comments?post=117764"}],"version-history":[{"count":0,"href":"https:\/\/staging.ivg.it\/ediapi\/wp\/v2\/posts\/117764\/revisions"}],"wp:attachment":[{"href":"https:\/\/staging.ivg.it\/ediapi\/wp\/v2\/media?parent=117764"}],"wp:term":[{"taxonomy":"category","embeddable":true,"href":"https:\/\/staging.ivg.it\/ediapi\/wp\/v2\/categories?post=117764"},{"taxonomy":"post_tag","embeddable":true,"href":"https:\/\/staging.ivg.it\/ediapi\/wp\/v2\/tags?post=117764"}],"curies":[{"name":"wp","href":"https:\/\/api.w.org\/{rel}","templated":true}]}}