{"id":117755,"date":"2010-11-16T08:45:47","date_gmt":"2010-11-16T07:45:47","guid":{"rendered":"http:\/\/www.ivg.it\/?p=117755"},"modified":"2010-11-16T12:12:10","modified_gmt":"2010-11-16T11:12:10","slug":"finale-ligure-nasce-il-blog-dillo-alla-lega","status":"publish","type":"post","link":"https:\/\/staging.ivg.it\/2010\/11\/finale-ligure-nasce-il-blog-dillo-alla-lega\/","title":{"rendered":"Finale Ligure: nasce il blog \u201cDillo alla Lega\u201d"},"content":{"rendered":"<p><strong>Finale Ligure<\/strong>. &#8220;Dilloallalega.blogspot.com&#8221;: ecco un luogo virtuale in cui la sezione finalese della Lega Nord invita i cittadini a confrontarsi, a fornire indicazioni su ci\u00f2 che non va in citt\u00e0 e che vorrebbero cambiare.<\/p>\n<p>&#8220;Questo blog &#8211; si legge in una nota del partito del Carroccio &#8211; nasce per dare voce a tutti i cittadini Finalesi che intendono dare consigli, formulare critiche e inviare segnalazioni all&#8217;amministrazione comunale. Faremo cos\u00ec da portavoce presso la giunta delle istanze avanzate da chi vive quotidianamente la nostra citt\u00e0. Tutto ci\u00f2 con il solo scopo di dare un contributo affinch\u00e9 le cose vadano meglio e senza alcun spirito polemico&#8221;.<\/p>\n","protected":false},"excerpt":{"rendered":"<p>Finale Ligure. &#8220;Dilloallalega.blogspot.com&#8221;: ecco un luogo virtuale in cui la sezione finalese della Lega Nord invita i cittadini a confrontarsi, a fornire indicazioni su ci\u00f2 che non va in citt\u00e0 e che vorrebbero cambiare. &#8220;Questo blog &#8211; si legge in una nota del partito del Carroccio &#8211; nasce per dare voce a tutti i cittadini [&hellip;]<\/p>\n","protected":false},"author":13744,"featured_media":0,"comment_status":"open","ping_status":"closed","sticky":false,"template":"","format":"standard","meta":{"footnotes":""},"categories":[31],"tags":[1362,85844,630],"class_list":["post-117755","post","type-post","status-publish","format-standard","hentry","category-politica","tag-blog","tag-finale-ligure","tag-lega-nord","post_cat_citta-finale-ligure"],"amp_validity":null,"amp_enabled":true,"_links":{"self":[{"href":"https:\/\/staging.ivg.it\/ediapi\/wp\/v2\/posts\/117755","targetHints":{"allow":["GET"]}}],"collection":[{"href":"https:\/\/staging.ivg.it\/ediapi\/wp\/v2\/posts"}],"about":[{"href":"https:\/\/staging.ivg.it\/ediapi\/wp\/v2\/types\/post"}],"author":[{"embeddable":true,"href":"https:\/\/staging.ivg.it\/ediapi\/wp\/v2\/users\/13744"}],"replies":[{"embeddable":true,"href":"https:\/\/staging.ivg.it\/ediapi\/wp\/v2\/comments?post=117755"}],"version-history":[{"count":0,"href":"https:\/\/staging.ivg.it\/ediapi\/wp\/v2\/posts\/117755\/revisions"}],"wp:attachment":[{"href":"https:\/\/staging.ivg.it\/ediapi\/wp\/v2\/media?parent=117755"}],"wp:term":[{"taxonomy":"category","embeddable":true,"href":"https:\/\/staging.ivg.it\/ediapi\/wp\/v2\/categories?post=117755"},{"taxonomy":"post_tag","embeddable":true,"href":"https:\/\/staging.ivg.it\/ediapi\/wp\/v2\/tags?post=117755"}],"curies":[{"name":"wp","href":"https:\/\/api.w.org\/{rel}","templated":true}]}}