{"id":116920,"date":"2010-11-11T19:09:50","date_gmt":"2010-11-11T18:09:50","guid":{"rendered":"http:\/\/www.ivg.it\/?p=116920"},"modified":"2010-11-12T12:17:43","modified_gmt":"2010-11-12T11:17:43","slug":"ferrania-vesco-con-il-ministero-non-sara-una-partita-facile","status":"publish","type":"post","link":"https:\/\/staging.ivg.it\/2010\/11\/ferrania-vesco-con-il-ministero-non-sara-una-partita-facile\/","title":{"rendered":"Ferrania, Vesco: \u201cCon il Ministero non sar\u00e0 una partita facile\u201d"},"content":{"rendered":"<p><strong>Cairo Montenotte<\/strong>. &#8220;Il sito industriale di Ferrania \u00e8 un patrimonio produttivo storico della vallata e di tutta la provincia; la Regione manterr\u00e0 l&#8217;impegno e far\u00e0 la sua parte nell&#8217;incontro a Roma con il Ministero&#8221;. Cos\u00ec l&#8217;assessore regionale Enrico Vesco, a margine della mobilitazione che si \u00e8 svolta oggi nei pressi dell&#8217;insediamento cairese.<\/p>\n<p>&#8220;La manifestazione di stamane &#8211; ha detto Vesco &#8211; dimostra il forte interesse del territorio per questa azienda importante. Siamo convinti che il territorio dimostrer\u00e0 lo stesso interesse in vista dell&#8217;incontro romano del 17 novembre&#8221;.<\/p>\n<p>&#8220;Ma &#8211; aggiunge l&#8217;assessore regionale &#8211; il vertice a Roma non sar\u00e0 una partita facile&#8221;. A sei giorni dall&#8217;atteso tavolo convocato al Ministero dello Sviluppo Economico, i rappresentanti istituzionali locali hanno dato prova di coesione a difesa dei 225 lavoratori che rischiano la messa in mobilit\u00e0.<\/p>\n<p>All&#8217;incontro fissato nella capitale parteciper\u00e0 anche l&#8217;assessore regionale Renzo Guccinelli. &#8220;Difenderemo la necessit\u00e0 di onorare l&#8217;accordo di programma sul fotovoltaico&#8221;: cos\u00ec Vesco interpreta la posizione della Regione, concludendo: &#8220;Tuttavia, pesa la posizione della dirigenza aziendale, che sembra lontana&#8221;.<\/p>\n","protected":false},"excerpt":{"rendered":"<p>Cairo Montenotte. &#8220;Il sito industriale di Ferrania \u00e8 un patrimonio produttivo storico della vallata e di tutta la provincia; la Regione manterr\u00e0 l&#8217;impegno e far\u00e0 la sua parte nell&#8217;incontro a Roma con il Ministero&#8221;. Cos\u00ec l&#8217;assessore regionale Enrico Vesco, a margine della mobilitazione che si \u00e8 svolta oggi nei pressi dell&#8217;insediamento cairese. &#8220;La manifestazione di [&hellip;]<\/p>\n","protected":false},"author":13744,"featured_media":0,"comment_status":"open","ping_status":"closed","sticky":false,"template":"","format":"standard","meta":{"footnotes":""},"categories":[35,31],"tags":[151,907,85992,1817],"class_list":["post-116920","post","type-post","status-publish","format-standard","hentry","category-economia","category-politica","tag-cairo","tag-enrico-vesco","tag-ferrania","tag-industria","post_cat_citta-cairo-montenotte"],"amp_validity":null,"amp_enabled":true,"_links":{"self":[{"href":"https:\/\/staging.ivg.it\/ediapi\/wp\/v2\/posts\/116920","targetHints":{"allow":["GET"]}}],"collection":[{"href":"https:\/\/staging.ivg.it\/ediapi\/wp\/v2\/posts"}],"about":[{"href":"https:\/\/staging.ivg.it\/ediapi\/wp\/v2\/types\/post"}],"author":[{"embeddable":true,"href":"https:\/\/staging.ivg.it\/ediapi\/wp\/v2\/users\/13744"}],"replies":[{"embeddable":true,"href":"https:\/\/staging.ivg.it\/ediapi\/wp\/v2\/comments?post=116920"}],"version-history":[{"count":0,"href":"https:\/\/staging.ivg.it\/ediapi\/wp\/v2\/posts\/116920\/revisions"}],"wp:attachment":[{"href":"https:\/\/staging.ivg.it\/ediapi\/wp\/v2\/media?parent=116920"}],"wp:term":[{"taxonomy":"category","embeddable":true,"href":"https:\/\/staging.ivg.it\/ediapi\/wp\/v2\/categories?post=116920"},{"taxonomy":"post_tag","embeddable":true,"href":"https:\/\/staging.ivg.it\/ediapi\/wp\/v2\/tags?post=116920"}],"curies":[{"name":"wp","href":"https:\/\/api.w.org\/{rel}","templated":true}]}}