{"id":116284,"date":"2010-11-09T14:19:13","date_gmt":"2010-11-09T13:19:13","guid":{"rendered":"http:\/\/www.ivg.it\/?p=116284"},"modified":"2012-09-26T15:30:41","modified_gmt":"2012-09-26T13:30:41","slug":"porto-ad-albenga-guarnieri-%e2%80%9csono-certa-che-la-politica-regionale-si-esprimera-a-favore","status":"publish","type":"post","link":"https:\/\/staging.ivg.it\/2010\/11\/porto-ad-albenga-guarnieri-%e2%80%9csono-certa-che-la-politica-regionale-si-esprimera-a-favore\/","title":{"rendered":"Porto ad Albenga, Guarnieri: \u201cSono certa che la politica regionale si esprimer\u00e0 a favore\u201d"},"content":{"rendered":"<p><strong>Albenga.<\/strong> &#8220;In termini politici Claudio Burlando si \u00e8 dichiarato favorevole ad un porto turistico ad Albenga a condizione che sia un porto a servizio della citt\u00e0 e non il contrario naturalmente. Attendiamo ora il responso tecnico poich\u00e9 il 28 di aprile abbiamo avviato la Vas (Valutazione Ambientale Strategica). Manca ancora il parere dell&#8217;urbanistica e una volta concluso tutte l&#8217;iter dei permessi, saranno date risposte tecniche a cui adegueremo un progetto&#8221;. Ha commentato cos\u00ec il primo cittadino di Albenga Rosy Guarnieri l\u2019incontro di oggi in Regione con il governatore Burlando per discutere sul progetto per la realizzazione di un porto ad Albenga.<\/p>\n<p>\u201cMi auguro di arrivare al pi\u00f9 presto ad una risposta definitiva. Nel prossimo mese la Regione dovr\u00e0 esprimere un parere tecnico e ci indicher\u00e0 le prescrizioni da fare. Il passo successivo sar\u00e0 convocare la conferenza dei servizi per capire quale sia il progetto ideale\u201d ha detto il sindaco di Albenga.<\/p>\n<p>\u201cSono ottimista in merito al risultato della Vas. La tecnica ci insegna che le soluzioni si trovano sempre. L\u2019importante \u00e8 volere la realizzazione del porto ad Albenga e la politica regionale sono certa che si esprimer\u00e0 a favore\u201d ha concluso Rosy Guarnieri.<\/p>\n<p>\u201cL\u2019incontro di oggi con il sindaco Guarnieri \u00e8 stato molto cordiale e credo positivo &#8211; ha detto il presidente Burlando &#8211; Come tutti i progetti anche quello per la realizzazione del porto\u00a0ad Albenga deve soddisfare alcune procedure tecniche come quello della Vas.\u00a0Aspettiamo ora il responso della\u00a0commissione in settimana che si pronuncer\u00e0 in maniera positiva o negativa\u201d.<\/p>\n","protected":false},"excerpt":{"rendered":"<p>Albenga. &#8220;In termini politici Claudio Burlando si \u00e8 dichiarato favorevole ad un porto turistico ad Albenga a condizione che sia un porto a servizio della citt\u00e0 e non il contrario naturalmente. Attendiamo ora il responso tecnico poich\u00e9 il 28 di aprile abbiamo avviato la Vas (Valutazione Ambientale Strategica). Manca ancora il parere dell&#8217;urbanistica e una [&hellip;]<\/p>\n","protected":false},"author":4381,"featured_media":0,"comment_status":"open","ping_status":"closed","sticky":false,"template":"","format":"standard","meta":{"footnotes":""},"categories":[],"tags":[85841,284,968,6607],"class_list":["post-116284","post","type-post","status-publish","format-standard","hentry","tag-albenga","tag-claudio-burlando","tag-porto","tag-rosy-guarnieri","post_cat_citta-albenga"],"amp_validity":null,"amp_enabled":true,"_links":{"self":[{"href":"https:\/\/staging.ivg.it\/ediapi\/wp\/v2\/posts\/116284","targetHints":{"allow":["GET"]}}],"collection":[{"href":"https:\/\/staging.ivg.it\/ediapi\/wp\/v2\/posts"}],"about":[{"href":"https:\/\/staging.ivg.it\/ediapi\/wp\/v2\/types\/post"}],"author":[{"embeddable":true,"href":"https:\/\/staging.ivg.it\/ediapi\/wp\/v2\/users\/4381"}],"replies":[{"embeddable":true,"href":"https:\/\/staging.ivg.it\/ediapi\/wp\/v2\/comments?post=116284"}],"version-history":[{"count":0,"href":"https:\/\/staging.ivg.it\/ediapi\/wp\/v2\/posts\/116284\/revisions"}],"wp:attachment":[{"href":"https:\/\/staging.ivg.it\/ediapi\/wp\/v2\/media?parent=116284"}],"wp:term":[{"taxonomy":"category","embeddable":true,"href":"https:\/\/staging.ivg.it\/ediapi\/wp\/v2\/categories?post=116284"},{"taxonomy":"post_tag","embeddable":true,"href":"https:\/\/staging.ivg.it\/ediapi\/wp\/v2\/tags?post=116284"}],"curies":[{"name":"wp","href":"https:\/\/api.w.org\/{rel}","templated":true}]}}