{"id":116198,"date":"2010-11-09T09:24:48","date_gmt":"2010-11-09T08:24:48","guid":{"rendered":"http:\/\/www.ivg.it\/?p=116198"},"modified":"2010-11-09T09:38:20","modified_gmt":"2010-11-09T08:38:20","slug":"famiglie-ciangherotti-%e2%80%9cil-ministro-sacconi-ha-ragione-l%e2%80%99isee-e-da-rivedere%e2%80%9d","status":"publish","type":"post","link":"https:\/\/staging.ivg.it\/2010\/11\/famiglie-ciangherotti-%e2%80%9cil-ministro-sacconi-ha-ragione-l%e2%80%99isee-e-da-rivedere%e2%80%9d\/","title":{"rendered":"Famiglie, Ciangherotti: \u201cIl Ministro Sacconi ha ragione: l\u2019Isee \u00e8 da rivedere\u201d"},"content":{"rendered":"<p><strong>Albenga<\/strong>. Eraldo Ciangherotti, assessore ai Servizi sociali del Comune di Albenga, e presidente di Federvita, appoggia l&#8217;intervento del Ministro del Welfare, Maurizio Sacconi, alla Conferenza nazionale della famiglia.<\/p>\n<p>&#8220;Di fronte alla crisi economica che ci sta condizionando in misura crescente &#8211; dichiara Ciangherotti &#8211; se i sostegni verranno erogati prima di tutto alla famiglia naturale, fondata sul matrimonio, senza dimenticare i figli nati fuori dal matrimonio, e se sar\u00e0 rivisto l&#8217;Isee, l&#8217;Indicatore della situazione economica equivalente, creando un &#8216;casellario delle famiglie&#8217;, finalmente anche il welfare degli enti comunali potr\u00e0 essere pi\u00f9 efficace. La posizione del Ministro va, quindi, pienamente condivisa, perch\u00e9  il legislatore deve cercare di migliorare la societ\u00e0 stimolando anche comportamenti positivi e migliori&#8221;.<\/p>\n<p>&#8220;In quest&#8217;ottica &#8211; prosegue Ciangherotti &#8211; \u00e8 giusto pensare che venga privilegiata la famiglia normale, fondata sul matrimonio, proprio perch\u00e9 per la coppia e per i figli questa \u00e8 una condizione migliore, rispetto a quella data da una convivenza precaria, che potrebbe non dare, in certi casi, nessun tipo di garanzie ai soggetti deboli. Per altro sono troppi i &#8216;furbetti&#8217; con figli a carico, in situazioni di convivenza non dichiarata, i quali risultano non coniugati e, spesso, formalmente domiciliati in residenze differenti rispetto a quella del convivente, al fine principale di godere di maggiori agevolazioni fiscali da parte dello Stato, non in ultima quella dell&#8217;Ici di prima casa&#8221;.<\/p>\n<p>&#8220;Se il Governo, grazie al Ministero del Welfare, dar\u00e0 la possibilit\u00e0 di rivedere la dichiarazione Isee &#8211; sotttolinea Ciangherotti -, che permette di misurare la condizione economica delle famiglie nella Repubblica Italiana, eliminando quelle situazioni anomale in cui, in condizioni di lavoro &#8216;sommerso&#8217;, dalla somma degli elementi reddituali viene detratto il valore massimo del canone di locazione annuo, pari a 5164,57 euro, a fronte di un reddito per lavoro pari a zero, allora si potr\u00e0 davvero parlare di giustizia sociale equa, dove le reali necessit\u00e0 delle famiglie naturali non vengono alterate da chi, con artifici e aggiri , riesce ad accedere ai contributi alla persona in maniera illegittima, drenando risorse ai Servizi sociali del territorio ed impedendo l&#8217;erogazione delle prestazioni dovute alle famiglie che hanno necessit\u00e0 effettiva di sostegno&#8221;.<\/p>\n","protected":false},"excerpt":{"rendered":"<p>Albenga. Eraldo Ciangherotti, assessore ai Servizi sociali del Comune di Albenga, e presidente di Federvita, appoggia l&#8217;intervento del Ministro del Welfare, Maurizio Sacconi, alla Conferenza nazionale della famiglia. &#8220;Di fronte alla crisi economica che ci sta condizionando in misura crescente &#8211; dichiara Ciangherotti &#8211; se i sostegni verranno erogati prima di tutto alla famiglia naturale, [&hellip;]<\/p>\n","protected":false},"author":5,"featured_media":0,"comment_status":"open","ping_status":"closed","sticky":false,"template":"","format":"standard","meta":{"footnotes":""},"categories":[35],"tags":[2734,1238,4320,22958,3419],"class_list":["post-116198","post","type-post","status-publish","format-standard","hentry","category-economia","tag-assessore","tag-eraldo-ciangherotti","tag-famiglie","tag-isee","tag-reddito","post_cat_citta-albenga"],"amp_validity":null,"amp_enabled":true,"_links":{"self":[{"href":"https:\/\/staging.ivg.it\/ediapi\/wp\/v2\/posts\/116198","targetHints":{"allow":["GET"]}}],"collection":[{"href":"https:\/\/staging.ivg.it\/ediapi\/wp\/v2\/posts"}],"about":[{"href":"https:\/\/staging.ivg.it\/ediapi\/wp\/v2\/types\/post"}],"author":[{"embeddable":true,"href":"https:\/\/staging.ivg.it\/ediapi\/wp\/v2\/users\/5"}],"replies":[{"embeddable":true,"href":"https:\/\/staging.ivg.it\/ediapi\/wp\/v2\/comments?post=116198"}],"version-history":[{"count":0,"href":"https:\/\/staging.ivg.it\/ediapi\/wp\/v2\/posts\/116198\/revisions"}],"wp:attachment":[{"href":"https:\/\/staging.ivg.it\/ediapi\/wp\/v2\/media?parent=116198"}],"wp:term":[{"taxonomy":"category","embeddable":true,"href":"https:\/\/staging.ivg.it\/ediapi\/wp\/v2\/categories?post=116198"},{"taxonomy":"post_tag","embeddable":true,"href":"https:\/\/staging.ivg.it\/ediapi\/wp\/v2\/tags?post=116198"}],"curies":[{"name":"wp","href":"https:\/\/api.w.org\/{rel}","templated":true}]}}