{"id":116137,"date":"2010-11-08T18:10:06","date_gmt":"2010-11-08T17:10:06","guid":{"rendered":"http:\/\/www.ivg.it\/?p=116137"},"modified":"2010-11-09T12:00:22","modified_gmt":"2010-11-09T11:00:22","slug":"ferrania-niente-sciopero-prima-del-tavolo-tecnico-romano","status":"publish","type":"post","link":"https:\/\/staging.ivg.it\/2010\/11\/ferrania-niente-sciopero-prima-del-tavolo-tecnico-romano\/","title":{"rendered":"Ferrania, niente sciopero prima del tavolo tecnico romano"},"content":{"rendered":"<p><strong>Cairo Montenotte<\/strong>. La convergenza sul fotovoltaico \u00e8 netta, ma l&#8217;ancora di salvezza per Ferrania Technologies ancora non arriva. In attesa del tavolo tecnico convocato a Roma, i lavoratori sospendono la linea dura: lo sciopero \u00e8 soltanto rimandato.<\/p>\n<p>Dalla riunione che si \u00e8 svolta questo pomeriggio al bocciodromo di Cairo \u00e8 emersa la volont\u00e0 comune, di lavoratori ed enti locali, affinch\u00e9 si possa concretizzare il previsto polo fotovoltaico del Nord Ovest. Sia la Regione, rappresentata dall&#8217;assessore Renzo Guccinelli, sia la Provincia di Savona, attraverso il presidente Angelo Vaccarezza, hanno ribadito l&#8217;importanza dell&#8217;accordo di programma e della sua realizzazione.<\/p>\n<p>La procedura di mobilit\u00e0 per i 225 dipendenti \u00e8 stata respinta. Ora si aprono vie alternative, quali un periodo di cassa integrazione straordinaria per il periodo necessario a traguardare l\u2019avvio delle nuove attivit\u00e0.<\/p>\n","protected":false},"excerpt":{"rendered":"<p>Cairo Montenotte. La convergenza sul fotovoltaico \u00e8 netta, ma l&#8217;ancora di salvezza per Ferrania Technologies ancora non arriva. In attesa del tavolo tecnico convocato a Roma, i lavoratori sospendono la linea dura: lo sciopero \u00e8 soltanto rimandato. Dalla riunione che si \u00e8 svolta questo pomeriggio al bocciodromo di Cairo \u00e8 emersa la volont\u00e0 comune, di [&hellip;]<\/p>\n","protected":false},"author":13744,"featured_media":0,"comment_status":"open","ping_status":"closed","sticky":false,"template":"","format":"standard","meta":{"footnotes":""},"categories":[35],"tags":[85992,1817,509,295,2152],"class_list":["post-116137","post","type-post","status-publish","format-standard","hentry","category-economia","tag-ferrania","tag-industria","tag-lavoro","tag-regione","tag-sciopero","post_cat_citta-cairo-montenotte"],"amp_validity":null,"amp_enabled":true,"_links":{"self":[{"href":"https:\/\/staging.ivg.it\/ediapi\/wp\/v2\/posts\/116137","targetHints":{"allow":["GET"]}}],"collection":[{"href":"https:\/\/staging.ivg.it\/ediapi\/wp\/v2\/posts"}],"about":[{"href":"https:\/\/staging.ivg.it\/ediapi\/wp\/v2\/types\/post"}],"author":[{"embeddable":true,"href":"https:\/\/staging.ivg.it\/ediapi\/wp\/v2\/users\/13744"}],"replies":[{"embeddable":true,"href":"https:\/\/staging.ivg.it\/ediapi\/wp\/v2\/comments?post=116137"}],"version-history":[{"count":0,"href":"https:\/\/staging.ivg.it\/ediapi\/wp\/v2\/posts\/116137\/revisions"}],"wp:attachment":[{"href":"https:\/\/staging.ivg.it\/ediapi\/wp\/v2\/media?parent=116137"}],"wp:term":[{"taxonomy":"category","embeddable":true,"href":"https:\/\/staging.ivg.it\/ediapi\/wp\/v2\/categories?post=116137"},{"taxonomy":"post_tag","embeddable":true,"href":"https:\/\/staging.ivg.it\/ediapi\/wp\/v2\/tags?post=116137"}],"curies":[{"name":"wp","href":"https:\/\/api.w.org\/{rel}","templated":true}]}}